{"id":6471,"date":"2025-02-05T13:49:32","date_gmt":"2025-02-05T12:49:32","guid":{"rendered":"https:\/\/www.unioviedo.es\/vivireuropa\/?p=6471"},"modified":"2025-02-12T13:38:25","modified_gmt":"2025-02-12T12:38:25","slug":"villa-2025","status":"publish","type":"post","link":"https:\/\/www.unioviedo.es\/vivireuropa\/index.php\/2025\/02\/05\/villa-2025\/","title":{"rendered":"Mujeres en la construcci\u00f3n europea: una asignatura pendiente"},"content":{"rendered":"\t\t<div data-elementor-type=\"wp-post\" data-elementor-id=\"6471\" class=\"elementor elementor-6471\">\n\t\t\t\t<div class=\"elementor-element elementor-element-3213ec74 e-flex e-con-boxed e-con e-parent\" data-id=\"3213ec74\" data-element_type=\"container\" data-e-type=\"container\">\n\t\t\t\t\t<div class=\"e-con-inner\">\n\t\t\t\t<div class=\"elementor-element elementor-element-6e2085a4 elementor-widget elementor-widget-text-editor\" data-id=\"6e2085a4\" data-element_type=\"widget\" data-e-type=\"widget\" data-widget_type=\"text-editor.default\">\n\t\t\t\t<div class=\"elementor-widget-container\">\n\t\t\t\t\t\t\t\t\t<div class=\"elementor-element elementor-element-41e389bc e-con-full e-flex e-con e-child\" data-id=\"41e389bc\" data-element_type=\"container\"><br \/><div class=\"elementor-element elementor-element-7917fed6 elementor-widget elementor-widget-text-editor\" data-id=\"7917fed6\" data-element_type=\"widget\" data-widget_type=\"text-editor.default\"><div class=\"elementor-widget-container\"><div class=\"x11i5rnm xat24cr x1mh8g0r x1vvkbs xtlvy1s x126k92a\"><div dir=\"auto\"><div class=\"elementor-element elementor-element-41e389bc e-con-full e-flex e-con e-child\" data-id=\"41e389bc\" data-element_type=\"container\"><div class=\"elementor-element elementor-element-7917fed6 elementor-widget elementor-widget-text-editor\" data-id=\"7917fed6\" data-element_type=\"widget\" data-widget_type=\"text-editor.default\"><div class=\"elementor-widget-container\"><div class=\"x11i5rnm xat24cr x1mh8g0r x1vvkbs xtlvy1s x126k92a\"><div dir=\"auto\"><p class=\"p1\">A lo largo de la historia, la aportaci\u00f3n de las mujeres ha estado presente en todos los \u00e1mbitos, aunque su papel ha sido ignorado con frecuencia. Reconocer su influencia en la historia, hacerlas \u201cvisibles\u201d como objeto de estudio, es algo relativamente nuevo. Tambi\u00e9n su papel ha sido clave en la construcci\u00f3n de la Uni\u00f3n Europea. Sin embargo, no existen en nuestro pa\u00eds muchos trabajos que analicen su trascendencia. Reconocer su influencia en el desarrollo del proyecto europeo, sus aportaciones, es tambi\u00e9n una forma de comprender la actual Uni\u00f3n Europea.<\/p><p class=\"p1\">En esta sesi\u00f3n, exploraremos si este enfoque puede aplicarse tambi\u00e9n en la educaci\u00f3n a trav\u00e9s de un di\u00e1logo interdisciplinar entre expertas en historia, literatura y pol\u00edtica. Como parte de este an\u00e1lisis, la presentaci\u00f3n del libro \u00abDoce mujeres europeas. Construyendo la Uni\u00f3n Europea\u00bb, desarrollando la conferencia que la autora imparti\u00f3 sobre este tema en un curso del proyecto DENTEU en Villaviciosa en 2023, nos permitir\u00e1 profundizar en las trayectorias de algunas de las figuras m\u00e1s influyentes en este proceso, abriendo un espacio de conversaci\u00f3n sobre su relevancia en la actualidad.<\/p><p class=\"p1\"><b>Intervienen:<\/b><\/p><p class=\"p2\">\u2022<span class=\"s1\"><b>Ana I. Gonz\u00e1lez Gonz\u00e1lez<\/b><\/span> (proyecto DENTEU, Universidad de Oviedo)<br \/>\u2022<span class=\"s1\"><b>Pilar S\u00e1nchez Vicente<\/b><\/span> (historiadora y escritora)<br \/>\u2022<span class=\"s1\"><b>Susana del R\u00edo Villar<\/b><\/span> (autora del libro)<br \/>\u2022<span class=\"s1\"><b>Alejandro Vega Riego<\/b><\/span> (Alcalde de Villaviciosa)<br \/>\u2022<span class=\"s1\"><b>Ana Vanesa Guti\u00e9rrez Gonz\u00e1lez<\/b><\/span> (Consejera de Cultura del Principado de Asturias)<\/p><p class=\"p1\"><span class=\"s1\">Organiza el <\/span>Ayuntamiento de Villaviciosa en colaboraci\u00f3n con el proyecto DENTEU (Universidad de Oviedo).<\/p><p class=\"p1\">\u00a0<\/p><\/div><\/div><\/div><\/div><\/div><\/div><\/div><\/div><\/div><\/div><p><!-- \/wp:paragraph --><\/p>\t\t\t\t\t\t\t\t<\/div>\n\t\t\t\t<\/div>\n\t\t\t\t<div class=\"elementor-element elementor-element-bad5a89 elementor-mobile-align-center elementor-align-center elementor-invisible elementor-widget elementor-widget-button\" data-id=\"bad5a89\" data-element_type=\"widget\" data-e-type=\"widget\" data-settings=\"{&quot;_animation&quot;:&quot;bounceIn&quot;}\" data-widget_type=\"button.default\">\n\t\t\t\t<div class=\"elementor-widget-container\">\n\t\t\t\t\t\t\t\t\t<div class=\"elementor-button-wrapper\">\n\t\t\t\t\t<a class=\"elementor-button elementor-button-link elementor-size-sm elementor-animation-grow\" href=\"https:\/\/www.linkedin.com\/company\/accionesjeanmonnet\/\" target=\"_blank\">\n\t\t\t\t\t\t<span class=\"elementor-button-content-wrapper\">\n\t\t\t\t\t\t<span class=\"elementor-button-icon\">\n\t\t\t\t<svg aria-hidden=\"true\" class=\"e-font-icon-svg e-fab-linkedin\" viewBox=\"0 0 448 512\" xmlns=\"http:\/\/www.w3.org\/2000\/svg\"><path d=\"M416 32H31.9C14.3 32 0 46.5 0 64.3v383.4C0 465.5 14.3 480 31.9 480H416c17.6 0 32-14.5 32-32.3V64.3c0-17.8-14.4-32.3-32-32.3zM135.4 416H69V202.2h66.5V416zm-33.2-243c-21.3 0-38.5-17.3-38.5-38.5S80.9 96 102.2 96c21.2 0 38.5 17.3 38.5 38.5 0 21.3-17.2 38.5-38.5 38.5zm282.1 243h-66.4V312c0-24.8-.5-56.7-34.5-56.7-34.6 0-39.9 27-39.9 54.9V416h-66.4V202.2h63.7v29.2h.9c8.9-16.8 30.6-34.5 62.9-34.5 67.2 0 79.7 44.3 79.7 101.9V416z\"><\/path><\/svg>\t\t\t<\/span>\n\t\t\t\t\t\t\t\t\t<span class=\"elementor-button-text\">\u00a1S\u00edguenos en LinkedIn!<\/span>\n\t\t\t\t\t<\/span>\n\t\t\t\t\t<\/a>\n\t\t\t\t<\/div>\n\t\t\t\t\t\t\t\t<\/div>\n\t\t\t\t<\/div>\n\t\t\t\t<div class=\"elementor-element elementor-element-e315456 elementor-mobile-align-center elementor-align-center elementor-invisible elementor-widget elementor-widget-button\" data-id=\"e315456\" data-element_type=\"widget\" data-e-type=\"widget\" data-settings=\"{&quot;_animation&quot;:&quot;bounceIn&quot;}\" data-widget_type=\"button.default\">\n\t\t\t\t<div class=\"elementor-widget-container\">\n\t\t\t\t\t\t\t\t\t<div class=\"elementor-button-wrapper\">\n\t\t\t\t\t<a class=\"elementor-button elementor-button-link elementor-size-sm elementor-animation-grow\" href=\"https:\/\/www.facebook.com\/accionesjeanmonnet\" target=\"_blank\">\n\t\t\t\t\t\t<span class=\"elementor-button-content-wrapper\">\n\t\t\t\t\t\t<span class=\"elementor-button-icon\">\n\t\t\t\t<svg aria-hidden=\"true\" class=\"e-font-icon-svg e-fab-facebook\" viewBox=\"0 0 512 512\" xmlns=\"http:\/\/www.w3.org\/2000\/svg\"><path d=\"M504 256C504 119 393 8 256 8S8 119 8 256c0 123.78 90.69 226.38 209.25 245V327.69h-63V256h63v-54.64c0-62.15 37-96.48 93.67-96.48 27.14 0 55.52 4.84 55.52 4.84v61h-31.28c-30.8 0-40.41 19.12-40.41 38.73V256h68.78l-11 71.69h-57.78V501C413.31 482.38 504 379.78 504 256z\"><\/path><\/svg>\t\t\t<\/span>\n\t\t\t\t\t\t\t\t\t<span class=\"elementor-button-text\">\u00a1S\u00edguenos en Facebook!<\/span>\n\t\t\t\t\t<\/span>\n\t\t\t\t\t<\/a>\n\t\t\t\t<\/div>\n\t\t\t\t\t\t\t\t<\/div>\n\t\t\t\t<\/div>\n\t\t\t\t\t<\/div>\n\t\t\t\t<\/div>\n\t\t\t\t<\/div>\n\t\t","protected":false},"excerpt":{"rendered":"<p>A lo largo de la historia, la aportaci\u00f3n de las mujeres ha estado presente en todos los \u00e1mbitos, aunque su papel ha sido ignorado con frecuencia. Reconocer su influencia en la historia, hacerlas \u201cvisibles\u201d como objeto de estudio, es algo relativamente nuevo. Tambi\u00e9n su papel ha sido clave en la construcci\u00f3n de la Uni\u00f3n Europea. [&hellip;]<\/p>\n","protected":false},"author":667,"featured_media":6480,"comment_status":"open","ping_status":"open","sticky":false,"template":"","format":"standard","meta":{"footnotes":""},"categories":[28],"tags":[],"class_list":["post-6471","post","type-post","status-publish","format-standard","has-post-thumbnail","hentry","category-noticias"],"blocksy_meta":{"styles_descriptor":{"styles":{"desktop":"","tablet":"","mobile":""},"google_fonts":[],"version":6}},"_links":{"self":[{"href":"https:\/\/www.unioviedo.es\/vivireuropa\/index.php\/wp-json\/wp\/v2\/posts\/6471","targetHints":{"allow":["GET"]}}],"collection":[{"href":"https:\/\/www.unioviedo.es\/vivireuropa\/index.php\/wp-json\/wp\/v2\/posts"}],"about":[{"href":"https:\/\/www.unioviedo.es\/vivireuropa\/index.php\/wp-json\/wp\/v2\/types\/post"}],"author":[{"embeddable":true,"href":"https:\/\/www.unioviedo.es\/vivireuropa\/index.php\/wp-json\/wp\/v2\/users\/667"}],"replies":[{"embeddable":true,"href":"https:\/\/www.unioviedo.es\/vivireuropa\/index.php\/wp-json\/wp\/v2\/comments?post=6471"}],"version-history":[{"count":4,"href":"https:\/\/www.unioviedo.es\/vivireuropa\/index.php\/wp-json\/wp\/v2\/posts\/6471\/revisions"}],"predecessor-version":[{"id":6477,"href":"https:\/\/www.unioviedo.es\/vivireuropa\/index.php\/wp-json\/wp\/v2\/posts\/6471\/revisions\/6477"}],"wp:featuredmedia":[{"embeddable":true,"href":"https:\/\/www.unioviedo.es\/vivireuropa\/index.php\/wp-json\/wp\/v2\/media\/6480"}],"wp:attachment":[{"href":"https:\/\/www.unioviedo.es\/vivireuropa\/index.php\/wp-json\/wp\/v2\/media?parent=6471"}],"wp:term":[{"taxonomy":"category","embeddable":true,"href":"https:\/\/www.unioviedo.es\/vivireuropa\/index.php\/wp-json\/wp\/v2\/categories?post=6471"},{"taxonomy":"post_tag","embeddable":true,"href":"https:\/\/www.unioviedo.es\/vivireuropa\/index.php\/wp-json\/wp\/v2\/tags?post=6471"}],"curies":[{"name":"wp","href":"https:\/\/api.w.org\/{rel}","templated":true}]}}