{"id":6492,"date":"2025-02-27T11:51:53","date_gmt":"2025-02-27T10:51:53","guid":{"rendered":"https:\/\/www.unioviedo.es\/vivireuropa\/?p=6492"},"modified":"2025-03-29T17:59:10","modified_gmt":"2025-03-29T16:59:10","slug":"la-importancia-de-ensenar-europa","status":"publish","type":"post","link":"https:\/\/www.unioviedo.es\/vivireuropa\/index.php\/2025\/02\/27\/la-importancia-de-ensenar-europa\/","title":{"rendered":"La importancia de ense\u00f1ar EUropa"},"content":{"rendered":"\t\t<div data-elementor-type=\"wp-post\" data-elementor-id=\"6492\" class=\"elementor elementor-6492\">\n\t\t\t\t<div class=\"elementor-element elementor-element-3213ec74 e-flex e-con-boxed e-con e-parent\" data-id=\"3213ec74\" data-element_type=\"container\" data-e-type=\"container\">\n\t\t\t\t\t<div class=\"e-con-inner\">\n\t\t\t\t<div class=\"elementor-element elementor-element-6e2085a4 elementor-widget elementor-widget-text-editor\" data-id=\"6e2085a4\" data-element_type=\"widget\" data-e-type=\"widget\" data-widget_type=\"text-editor.default\">\n\t\t\t\t<div class=\"elementor-widget-container\">\n\t\t\t\t\t\t\t\t\t<div class=\"elementor-element elementor-element-41e389bc e-con-full e-flex e-con e-child\" data-id=\"41e389bc\" data-element_type=\"container\"><div class=\"elementor-element elementor-element-7917fed6 elementor-widget elementor-widget-text-editor\" data-id=\"7917fed6\" data-element_type=\"widget\" data-widget_type=\"text-editor.default\"><div class=\"elementor-widget-container\"><div class=\"x11i5rnm xat24cr x1mh8g0r x1vvkbs xtlvy1s x126k92a\"><div dir=\"auto\"><div class=\"elementor-element elementor-element-41e389bc e-con-full e-flex e-con e-child\" data-id=\"41e389bc\" data-element_type=\"container\"><div class=\"elementor-element elementor-element-7917fed6 elementor-widget elementor-widget-text-editor\" data-id=\"7917fed6\" data-element_type=\"widget\" data-widget_type=\"text-editor.default\"><div class=\"elementor-widget-container\"><div class=\"x11i5rnm xat24cr x1mh8g0r x1vvkbs xtlvy1s x126k92a\"><div dir=\"auto\"><p class=\"p1\">El pr\u00f3ximo jueves 6 de marzo, a las 13:00 h, la Sala de Grados de la Facultad de Formaci\u00f3n del Profesorado y Educaci\u00f3n acoger\u00e1 la conferencia del profesor <span class=\"s1\"><b>Jos\u00e9 Antonio Negr\u00edn de la Pe\u00f1a<\/b><\/span>, centrada en el papel del aula como motor de integraci\u00f3n social y econ\u00f3mica en Europa.<\/p><p class=\"p1\">El acto se enmarca en el proyecto Jean Monnet <i>Developing Educational Networks to Teach the EU<\/i>, una iniciativa orientada a fomentar el conocimiento y la ense\u00f1anza sobre la Uni\u00f3n Europea en el \u00e1mbito educativo.<\/p><p class=\"p1\">En el mismo evento se presentar\u00e1 el libro <i>A la integraci\u00f3n desde el aula: una v\u00eda para la cohesi\u00f3n social y econ\u00f3mica en Europa<\/i>, un nuevo volumen de la colecci\u00f3n <span class=\"s1\"><b>Cuadernos Jean Monnet sobre Integraci\u00f3n Europea Fiscal y Econ\u00f3mica<\/b><\/span>, editada por Ediciones de la Universidad de Oviedo.<\/p><p class=\"p1\">En la presentaci\u00f3n intervendr\u00e1n:<\/p><p class=\"p3\">\u2022<span class=\"s1\"><b>D\u00f1a. Ana I. Gonz\u00e1lez Gonz\u00e1lez<\/b><\/span>, coordinadora del proyecto Jean Monnet.<br \/>\u2022<span class=\"s1\"><b>D. Jos\u00e9 Alba Alonso<\/b><\/span>, coordinador de la obra.<br \/><span class=\"s2\">\u2022<\/span><b>D. Jos\u00e9 Antonio Negr\u00edn de la Pe\u00f1a<\/b><span class=\"s2\">, coautor del libro.<br \/><\/span>\u2022<span class=\"s1\"><b>D. Celestino Rodr\u00edguez P\u00e9rez<\/b><\/span>, decano de la Facultad de Formaci\u00f3n del Profesorado y Educaci\u00f3n.<\/p><p class=\"p1\">Este evento es una oportunidad para reflexionar sobre el papel del aula en la integraci\u00f3n europea y el fomento de la cohesi\u00f3n social y econ\u00f3mica. \u00a1Os esperamos!<\/p><\/div><\/div><\/div><\/div><\/div><\/div><\/div><\/div><\/div><\/div><p><!-- \/wp:paragraph --><\/p>\t\t\t\t\t\t\t\t<\/div>\n\t\t\t\t<\/div>\n\t\t\t\t<div class=\"elementor-element elementor-element-bad5a89 elementor-mobile-align-center elementor-align-center elementor-invisible elementor-widget elementor-widget-button\" data-id=\"bad5a89\" data-element_type=\"widget\" data-e-type=\"widget\" data-settings=\"{&quot;_animation&quot;:&quot;bounceIn&quot;}\" data-widget_type=\"button.default\">\n\t\t\t\t<div class=\"elementor-widget-container\">\n\t\t\t\t\t\t\t\t\t<div class=\"elementor-button-wrapper\">\n\t\t\t\t\t<a class=\"elementor-button elementor-button-link elementor-size-sm elementor-animation-grow\" href=\"https:\/\/www.linkedin.com\/company\/accionesjeanmonnet\/\" target=\"_blank\">\n\t\t\t\t\t\t<span class=\"elementor-button-content-wrapper\">\n\t\t\t\t\t\t<span class=\"elementor-button-icon\">\n\t\t\t\t<svg aria-hidden=\"true\" class=\"e-font-icon-svg e-fab-linkedin\" viewBox=\"0 0 448 512\" xmlns=\"http:\/\/www.w3.org\/2000\/svg\"><path d=\"M416 32H31.9C14.3 32 0 46.5 0 64.3v383.4C0 465.5 14.3 480 31.9 480H416c17.6 0 32-14.5 32-32.3V64.3c0-17.8-14.4-32.3-32-32.3zM135.4 416H69V202.2h66.5V416zm-33.2-243c-21.3 0-38.5-17.3-38.5-38.5S80.9 96 102.2 96c21.2 0 38.5 17.3 38.5 38.5 0 21.3-17.2 38.5-38.5 38.5zm282.1 243h-66.4V312c0-24.8-.5-56.7-34.5-56.7-34.6 0-39.9 27-39.9 54.9V416h-66.4V202.2h63.7v29.2h.9c8.9-16.8 30.6-34.5 62.9-34.5 67.2 0 79.7 44.3 79.7 101.9V416z\"><\/path><\/svg>\t\t\t<\/span>\n\t\t\t\t\t\t\t\t\t<span class=\"elementor-button-text\">\u00a1S\u00edguenos en LinkedIn!<\/span>\n\t\t\t\t\t<\/span>\n\t\t\t\t\t<\/a>\n\t\t\t\t<\/div>\n\t\t\t\t\t\t\t\t<\/div>\n\t\t\t\t<\/div>\n\t\t\t\t<div class=\"elementor-element elementor-element-e315456 elementor-mobile-align-center elementor-align-center elementor-invisible elementor-widget elementor-widget-button\" data-id=\"e315456\" data-element_type=\"widget\" data-e-type=\"widget\" data-settings=\"{&quot;_animation&quot;:&quot;bounceIn&quot;}\" data-widget_type=\"button.default\">\n\t\t\t\t<div class=\"elementor-widget-container\">\n\t\t\t\t\t\t\t\t\t<div class=\"elementor-button-wrapper\">\n\t\t\t\t\t<a class=\"elementor-button elementor-button-link elementor-size-sm elementor-animation-grow\" href=\"https:\/\/www.facebook.com\/accionesjeanmonnet\" target=\"_blank\">\n\t\t\t\t\t\t<span class=\"elementor-button-content-wrapper\">\n\t\t\t\t\t\t<span class=\"elementor-button-icon\">\n\t\t\t\t<svg aria-hidden=\"true\" class=\"e-font-icon-svg e-fab-facebook\" viewBox=\"0 0 512 512\" xmlns=\"http:\/\/www.w3.org\/2000\/svg\"><path d=\"M504 256C504 119 393 8 256 8S8 119 8 256c0 123.78 90.69 226.38 209.25 245V327.69h-63V256h63v-54.64c0-62.15 37-96.48 93.67-96.48 27.14 0 55.52 4.84 55.52 4.84v61h-31.28c-30.8 0-40.41 19.12-40.41 38.73V256h68.78l-11 71.69h-57.78V501C413.31 482.38 504 379.78 504 256z\"><\/path><\/svg>\t\t\t<\/span>\n\t\t\t\t\t\t\t\t\t<span class=\"elementor-button-text\">\u00a1S\u00edguenos en Facebook!<\/span>\n\t\t\t\t\t<\/span>\n\t\t\t\t\t<\/a>\n\t\t\t\t<\/div>\n\t\t\t\t\t\t\t\t<\/div>\n\t\t\t\t<\/div>\n\t\t\t\t<div class=\"elementor-element elementor-element-7df8645 elementor-mobile-align-center elementor-align-center elementor-invisible elementor-widget elementor-widget-button\" data-id=\"7df8645\" data-element_type=\"widget\" data-e-type=\"widget\" data-settings=\"{&quot;_animation&quot;:&quot;bounceIn&quot;}\" data-widget_type=\"button.default\">\n\t\t\t\t<div class=\"elementor-widget-container\">\n\t\t\t\t\t\t\t\t\t<div class=\"elementor-button-wrapper\">\n\t\t\t\t\t<a class=\"elementor-button elementor-button-link elementor-size-sm elementor-animation-grow\" href=\"https:\/\/www.instagram.com\/accionesjeanmonnet\/\" target=\"_blank\">\n\t\t\t\t\t\t<span class=\"elementor-button-content-wrapper\">\n\t\t\t\t\t\t<span class=\"elementor-button-icon\">\n\t\t\t\t<svg aria-hidden=\"true\" class=\"e-font-icon-svg e-fab-instagram\" viewBox=\"0 0 448 512\" xmlns=\"http:\/\/www.w3.org\/2000\/svg\"><path d=\"M224.1 141c-63.6 0-114.9 51.3-114.9 114.9s51.3 114.9 114.9 114.9S339 319.5 339 255.9 287.7 141 224.1 141zm0 189.6c-41.1 0-74.7-33.5-74.7-74.7s33.5-74.7 74.7-74.7 74.7 33.5 74.7 74.7-33.6 74.7-74.7 74.7zm146.4-194.3c0 14.9-12 26.8-26.8 26.8-14.9 0-26.8-12-26.8-26.8s12-26.8 26.8-26.8 26.8 12 26.8 26.8zm76.1 27.2c-1.7-35.9-9.9-67.7-36.2-93.9-26.2-26.2-58-34.4-93.9-36.2-37-2.1-147.9-2.1-184.9 0-35.8 1.7-67.6 9.9-93.9 36.1s-34.4 58-36.2 93.9c-2.1 37-2.1 147.9 0 184.9 1.7 35.9 9.9 67.7 36.2 93.9s58 34.4 93.9 36.2c37 2.1 147.9 2.1 184.9 0 35.9-1.7 67.7-9.9 93.9-36.2 26.2-26.2 34.4-58 36.2-93.9 2.1-37 2.1-147.8 0-184.8zM398.8 388c-7.8 19.6-22.9 34.7-42.6 42.6-29.5 11.7-99.5 9-132.1 9s-102.7 2.6-132.1-9c-19.6-7.8-34.7-22.9-42.6-42.6-11.7-29.5-9-99.5-9-132.1s-2.6-102.7 9-132.1c7.8-19.6 22.9-34.7 42.6-42.6 29.5-11.7 99.5-9 132.1-9s102.7-2.6 132.1 9c19.6 7.8 34.7 22.9 42.6 42.6 11.7 29.5 9 99.5 9 132.1s2.7 102.7-9 132.1z\"><\/path><\/svg>\t\t\t<\/span>\n\t\t\t\t\t\t\t\t\t<span class=\"elementor-button-text\">\u00a1S\u00edguenos en Instagram!<\/span>\n\t\t\t\t\t<\/span>\n\t\t\t\t\t<\/a>\n\t\t\t\t<\/div>\n\t\t\t\t\t\t\t\t<\/div>\n\t\t\t\t<\/div>\n\t\t\t\t\t<\/div>\n\t\t\t\t<\/div>\n\t\t\t\t<\/div>\n\t\t","protected":false},"excerpt":{"rendered":"<p>El pr\u00f3ximo jueves 6 de marzo, a las 13:00 h, la Sala de Grados de la Facultad de Formaci\u00f3n del Profesorado y Educaci\u00f3n acoger\u00e1 la conferencia del profesor Jos\u00e9 Antonio Negr\u00edn de la Pe\u00f1a, centrada en el papel del aula como motor de integraci\u00f3n social y econ\u00f3mica en Europa. El acto se enmarca en el [&hellip;]<\/p>\n","protected":false},"author":667,"featured_media":6496,"comment_status":"open","ping_status":"open","sticky":false,"template":"","format":"standard","meta":{"footnotes":""},"categories":[28],"tags":[],"class_list":["post-6492","post","type-post","status-publish","format-standard","has-post-thumbnail","hentry","category-noticias"],"blocksy_meta":{"styles_descriptor":{"styles":{"desktop":"","tablet":"","mobile":""},"google_fonts":[],"version":6}},"_links":{"self":[{"href":"https:\/\/www.unioviedo.es\/vivireuropa\/index.php\/wp-json\/wp\/v2\/posts\/6492","targetHints":{"allow":["GET"]}}],"collection":[{"href":"https:\/\/www.unioviedo.es\/vivireuropa\/index.php\/wp-json\/wp\/v2\/posts"}],"about":[{"href":"https:\/\/www.unioviedo.es\/vivireuropa\/index.php\/wp-json\/wp\/v2\/types\/post"}],"author":[{"embeddable":true,"href":"https:\/\/www.unioviedo.es\/vivireuropa\/index.php\/wp-json\/wp\/v2\/users\/667"}],"replies":[{"embeddable":true,"href":"https:\/\/www.unioviedo.es\/vivireuropa\/index.php\/wp-json\/wp\/v2\/comments?post=6492"}],"version-history":[{"count":13,"href":"https:\/\/www.unioviedo.es\/vivireuropa\/index.php\/wp-json\/wp\/v2\/posts\/6492\/revisions"}],"predecessor-version":[{"id":6562,"href":"https:\/\/www.unioviedo.es\/vivireuropa\/index.php\/wp-json\/wp\/v2\/posts\/6492\/revisions\/6562"}],"wp:featuredmedia":[{"embeddable":true,"href":"https:\/\/www.unioviedo.es\/vivireuropa\/index.php\/wp-json\/wp\/v2\/media\/6496"}],"wp:attachment":[{"href":"https:\/\/www.unioviedo.es\/vivireuropa\/index.php\/wp-json\/wp\/v2\/media?parent=6492"}],"wp:term":[{"taxonomy":"category","embeddable":true,"href":"https:\/\/www.unioviedo.es\/vivireuropa\/index.php\/wp-json\/wp\/v2\/categories?post=6492"},{"taxonomy":"post_tag","embeddable":true,"href":"https:\/\/www.unioviedo.es\/vivireuropa\/index.php\/wp-json\/wp\/v2\/tags?post=6492"}],"curies":[{"name":"wp","href":"https:\/\/api.w.org\/{rel}","templated":true}]}}