{"id":7002,"date":"2025-06-10T12:04:14","date_gmt":"2025-06-10T11:04:14","guid":{"rendered":"https:\/\/www.unioviedo.es\/vivireuropa\/?p=7002"},"modified":"2025-08-31T03:17:22","modified_gmt":"2025-08-31T02:17:22","slug":"celebracion-del-dia-de-europa","status":"publish","type":"post","link":"https:\/\/www.unioviedo.es\/vivireuropa\/index.php\/2025\/06\/10\/celebracion-del-dia-de-europa\/","title":{"rendered":"Celebraci\u00f3n del D\u00eda de Europa"},"content":{"rendered":"\t\t<div data-elementor-type=\"wp-post\" data-elementor-id=\"7002\" class=\"elementor elementor-7002\">\n\t\t\t\t<div class=\"elementor-element elementor-element-3213ec74 e-flex e-con-boxed e-con e-parent\" data-id=\"3213ec74\" data-element_type=\"container\" data-e-type=\"container\">\n\t\t\t\t\t<div class=\"e-con-inner\">\n\t\t\t\t<div class=\"elementor-element elementor-element-6e2085a4 elementor-widget elementor-widget-text-editor\" data-id=\"6e2085a4\" data-element_type=\"widget\" data-e-type=\"widget\" data-widget_type=\"text-editor.default\">\n\t\t\t\t<div class=\"elementor-widget-container\">\n\t\t\t\t\t\t\t\t\t<div class=\"elementor-element elementor-element-41e389bc e-con-full e-flex e-con e-child\" data-id=\"41e389bc\" data-element_type=\"container\"><div class=\"elementor-element elementor-element-7917fed6 elementor-widget elementor-widget-text-editor\" data-id=\"7917fed6\" data-element_type=\"widget\" data-widget_type=\"text-editor.default\"><div class=\"elementor-widget-container\"><div class=\"x11i5rnm xat24cr x1mh8g0r x1vvkbs xtlvy1s x126k92a\"><div dir=\"auto\"><div class=\"elementor-element elementor-element-41e389bc e-con-full e-flex e-con e-child\" data-id=\"41e389bc\" data-element_type=\"container\"><div class=\"elementor-element elementor-element-7917fed6 elementor-widget elementor-widget-text-editor\" data-id=\"7917fed6\" data-element_type=\"widget\" data-widget_type=\"text-editor.default\"><div class=\"elementor-widget-container\"><div class=\"x11i5rnm xat24cr x1mh8g0r x1vvkbs xtlvy1s x126k92a\"><div dir=\"auto\"><p class=\"p1\">El espacio cultural <span class=\"s1\"><b>Kuivi Almacenes<\/b><\/span>, en Oviedo, acogi\u00f3 el pasado s\u00e1bado 17 de mayo la jornada <span class=\"s1\"><b>\u2018\u00a1Adelante, Europa!\u2019<\/b><\/span>, organizada por el eurodiputado asturiano <span class=\"s1\"><b>Jon\u00e1s Fern\u00e1ndez<\/b><\/span> con motivo del <span class=\"s1\"><b>75 aniversario de la Declaraci\u00f3n Schuman<\/b><\/span>, considerada el punto de partida del proceso de integraci\u00f3n europea.<\/p><p class=\"p1\">El evento combin\u00f3 espacios de debate, actividades infantiles y m\u00fasica en directo, con el objetivo de acercar el proyecto europeo a la ciudadan\u00eda de forma participativa y festiva. La jornada incluy\u00f3 dos mesas redondas: una sobre educaci\u00f3n y otra sobre los desaf\u00edos actuales de la Uni\u00f3n Europea.<\/p><p class=\"p1\">En la primera mesa, titulada <i>\u201cEducaci\u00f3n para una ciudadan\u00eda europea\u201d<\/i>, particip\u00f3 <span class=\"s1\"><b>Marisa Mor\u00e1n<\/b><\/span>, profesora del colegio Codema de Gij\u00f3n y miembro del proyecto Jean Monnet <i>Developing Educational Networks to Teach the EU<\/i> (DENTEU), en calidad de <span class=\"s1\"><b>coordinadora de Escuela Mentora\/Embajadora del Parlamento Europeo<\/b><\/span>. Junto a representantes de otros centros educativos asturianos, compartieron experiencias sobre el papel de la educaci\u00f3n en la construcci\u00f3n de ciudadan\u00eda europea.<\/p><p class=\"p1\">La jornada concluy\u00f3 con las actuaciones musicales de los grupos <span class=\"s1\"><b>De Fem<\/b><\/span> y <span class=\"s1\"><b>Milana Bonita<\/b><\/span>, en un ambiente festivo y comprometido con los valores europeos.<\/p><p class=\"p1\">\ud83d\udcce Puedes consultar la <a href=\"https:\/\/www.europapress.es\/asturias\/noticia-oviedo-acoge-sabado-jornada-adelante-europa-celebrar-75-aniversario-declaracion-schuman-20250513171859.html#google_vignette\" target=\"_blank\" rel=\"noopener\">noticia completa publicada por Europa Press<\/a><\/p><p class=\"p1\">\ud83c\udfa5 V\u00eddeo resumen del evento disponible en <a href=\"https:\/\/youtu.be\/1eO5OXJAdOk?si=CNdUwfZ_ugmoTFQy\" target=\"_blank\" rel=\"noopener\">este enlace<\/a><\/p><p>\ud83d\udcf8 Imagen: captura del v\u00eddeo del evento difundido por el Grupo de Socialistas y Dem\u00f3cratas (Grupo S&amp;D) del Parlamento Europeo.<\/p><\/div><\/div><\/div><\/div><\/div><\/div><\/div><\/div><\/div><\/div><p><!-- \/wp:paragraph --><\/p>\t\t\t\t\t\t\t\t<\/div>\n\t\t\t\t<\/div>\n\t\t\t\t\t<\/div>\n\t\t\t\t<\/div>\n\t\t<div class=\"elementor-element elementor-element-7cb12c4 e-flex e-con-boxed e-con e-parent\" data-id=\"7cb12c4\" data-element_type=\"container\" data-e-type=\"container\">\n\t\t\t\t\t<div class=\"e-con-inner\">\n\t\t\t\t\t<\/div>\n\t\t\t\t<\/div>\n\t\t<div class=\"elementor-element elementor-element-b894991 e-flex e-con-boxed e-con e-parent\" data-id=\"b894991\" data-element_type=\"container\" data-e-type=\"container\">\n\t\t\t\t\t<div class=\"e-con-inner\">\n\t\t\t\t<div class=\"elementor-element elementor-element-c6a6859 elementor-mobile-align-center elementor-align-center elementor-invisible elementor-widget elementor-widget-button\" data-id=\"c6a6859\" data-element_type=\"widget\" data-e-type=\"widget\" data-settings=\"{&quot;_animation&quot;:&quot;bounceIn&quot;}\" data-widget_type=\"button.default\">\n\t\t\t\t<div class=\"elementor-widget-container\">\n\t\t\t\t\t\t\t\t\t<div class=\"elementor-button-wrapper\">\n\t\t\t\t\t<a class=\"elementor-button elementor-button-link elementor-size-sm elementor-animation-grow\" href=\"https:\/\/www.linkedin.com\/company\/accionesjeanmonnet\/\" target=\"_blank\">\n\t\t\t\t\t\t<span class=\"elementor-button-content-wrapper\">\n\t\t\t\t\t\t<span class=\"elementor-button-icon\">\n\t\t\t\t<svg aria-hidden=\"true\" class=\"e-font-icon-svg e-fab-linkedin\" viewBox=\"0 0 448 512\" xmlns=\"http:\/\/www.w3.org\/2000\/svg\"><path d=\"M416 32H31.9C14.3 32 0 46.5 0 64.3v383.4C0 465.5 14.3 480 31.9 480H416c17.6 0 32-14.5 32-32.3V64.3c0-17.8-14.4-32.3-32-32.3zM135.4 416H69V202.2h66.5V416zm-33.2-243c-21.3 0-38.5-17.3-38.5-38.5S80.9 96 102.2 96c21.2 0 38.5 17.3 38.5 38.5 0 21.3-17.2 38.5-38.5 38.5zm282.1 243h-66.4V312c0-24.8-.5-56.7-34.5-56.7-34.6 0-39.9 27-39.9 54.9V416h-66.4V202.2h63.7v29.2h.9c8.9-16.8 30.6-34.5 62.9-34.5 67.2 0 79.7 44.3 79.7 101.9V416z\"><\/path><\/svg>\t\t\t<\/span>\n\t\t\t\t\t\t\t\t\t<span class=\"elementor-button-text\">\u00a1S\u00edguenos en LinkedIn!<\/span>\n\t\t\t\t\t<\/span>\n\t\t\t\t\t<\/a>\n\t\t\t\t<\/div>\n\t\t\t\t\t\t\t\t<\/div>\n\t\t\t\t<\/div>\n\t\t\t\t\t<\/div>\n\t\t\t\t<\/div>\n\t\t<div class=\"elementor-element elementor-element-badeeca e-flex e-con-boxed e-con e-parent\" data-id=\"badeeca\" data-element_type=\"container\" data-e-type=\"container\">\n\t\t\t\t\t<div class=\"e-con-inner\">\n\t\t\t\t<div class=\"elementor-element elementor-element-e315456 elementor-mobile-align-center elementor-align-center elementor-invisible elementor-widget elementor-widget-button\" data-id=\"e315456\" data-element_type=\"widget\" data-e-type=\"widget\" data-settings=\"{&quot;_animation&quot;:&quot;bounceIn&quot;}\" data-widget_type=\"button.default\">\n\t\t\t\t<div class=\"elementor-widget-container\">\n\t\t\t\t\t\t\t\t\t<div class=\"elementor-button-wrapper\">\n\t\t\t\t\t<a class=\"elementor-button elementor-button-link elementor-size-sm elementor-animation-grow\" href=\"https:\/\/www.facebook.com\/accionesjeanmonnet\" target=\"_blank\">\n\t\t\t\t\t\t<span class=\"elementor-button-content-wrapper\">\n\t\t\t\t\t\t<span class=\"elementor-button-icon\">\n\t\t\t\t<svg aria-hidden=\"true\" class=\"e-font-icon-svg e-fab-facebook\" viewBox=\"0 0 512 512\" xmlns=\"http:\/\/www.w3.org\/2000\/svg\"><path d=\"M504 256C504 119 393 8 256 8S8 119 8 256c0 123.78 90.69 226.38 209.25 245V327.69h-63V256h63v-54.64c0-62.15 37-96.48 93.67-96.48 27.14 0 55.52 4.84 55.52 4.84v61h-31.28c-30.8 0-40.41 19.12-40.41 38.73V256h68.78l-11 71.69h-57.78V501C413.31 482.38 504 379.78 504 256z\"><\/path><\/svg>\t\t\t<\/span>\n\t\t\t\t\t\t\t\t\t<span class=\"elementor-button-text\">\u00a1S\u00edguenos en Facebook!<\/span>\n\t\t\t\t\t<\/span>\n\t\t\t\t\t<\/a>\n\t\t\t\t<\/div>\n\t\t\t\t\t\t\t\t<\/div>\n\t\t\t\t<\/div>\n\t\t\t\t\t<\/div>\n\t\t\t\t<\/div>\n\t\t<div class=\"elementor-element elementor-element-2542b71 e-flex e-con-boxed e-con e-parent\" data-id=\"2542b71\" data-element_type=\"container\" data-e-type=\"container\">\n\t\t\t\t\t<div class=\"e-con-inner\">\n\t\t\t\t<div class=\"elementor-element elementor-element-7df8645 elementor-mobile-align-center elementor-align-center elementor-invisible elementor-widget elementor-widget-button\" data-id=\"7df8645\" data-element_type=\"widget\" data-e-type=\"widget\" data-settings=\"{&quot;_animation&quot;:&quot;bounceIn&quot;}\" data-widget_type=\"button.default\">\n\t\t\t\t<div class=\"elementor-widget-container\">\n\t\t\t\t\t\t\t\t\t<div class=\"elementor-button-wrapper\">\n\t\t\t\t\t<a class=\"elementor-button elementor-button-link elementor-size-sm elementor-animation-grow\" href=\"https:\/\/www.instagram.com\/accionesjeanmonnet\/\" target=\"_blank\">\n\t\t\t\t\t\t<span class=\"elementor-button-content-wrapper\">\n\t\t\t\t\t\t<span class=\"elementor-button-icon\">\n\t\t\t\t<svg aria-hidden=\"true\" class=\"e-font-icon-svg e-fab-instagram\" viewBox=\"0 0 448 512\" xmlns=\"http:\/\/www.w3.org\/2000\/svg\"><path d=\"M224.1 141c-63.6 0-114.9 51.3-114.9 114.9s51.3 114.9 114.9 114.9S339 319.5 339 255.9 287.7 141 224.1 141zm0 189.6c-41.1 0-74.7-33.5-74.7-74.7s33.5-74.7 74.7-74.7 74.7 33.5 74.7 74.7-33.6 74.7-74.7 74.7zm146.4-194.3c0 14.9-12 26.8-26.8 26.8-14.9 0-26.8-12-26.8-26.8s12-26.8 26.8-26.8 26.8 12 26.8 26.8zm76.1 27.2c-1.7-35.9-9.9-67.7-36.2-93.9-26.2-26.2-58-34.4-93.9-36.2-37-2.1-147.9-2.1-184.9 0-35.8 1.7-67.6 9.9-93.9 36.1s-34.4 58-36.2 93.9c-2.1 37-2.1 147.9 0 184.9 1.7 35.9 9.9 67.7 36.2 93.9s58 34.4 93.9 36.2c37 2.1 147.9 2.1 184.9 0 35.9-1.7 67.7-9.9 93.9-36.2 26.2-26.2 34.4-58 36.2-93.9 2.1-37 2.1-147.8 0-184.8zM398.8 388c-7.8 19.6-22.9 34.7-42.6 42.6-29.5 11.7-99.5 9-132.1 9s-102.7 2.6-132.1-9c-19.6-7.8-34.7-22.9-42.6-42.6-11.7-29.5-9-99.5-9-132.1s-2.6-102.7 9-132.1c7.8-19.6 22.9-34.7 42.6-42.6 29.5-11.7 99.5-9 132.1-9s102.7-2.6 132.1 9c19.6 7.8 34.7 22.9 42.6 42.6 11.7 29.5 9 99.5 9 132.1s2.7 102.7-9 132.1z\"><\/path><\/svg>\t\t\t<\/span>\n\t\t\t\t\t\t\t\t\t<span class=\"elementor-button-text\">\u00a1S\u00edguenos en Instagram!<\/span>\n\t\t\t\t\t<\/span>\n\t\t\t\t\t<\/a>\n\t\t\t\t<\/div>\n\t\t\t\t\t\t\t\t<\/div>\n\t\t\t\t<\/div>\n\t\t\t\t\t<\/div>\n\t\t\t\t<\/div>\n\t\t\t\t<\/div>\n\t\t","protected":false},"excerpt":{"rendered":"<p>El espacio cultural Kuivi Almacenes, en Oviedo, acogi\u00f3 el pasado s\u00e1bado 17 de mayo la jornada \u2018\u00a1Adelante, Europa!\u2019, organizada por el eurodiputado asturiano Jon\u00e1s Fern\u00e1ndez con motivo del 75 aniversario de la Declaraci\u00f3n Schuman, considerada el punto de partida del proceso de integraci\u00f3n europea. El evento combin\u00f3 espacios de debate, actividades infantiles y m\u00fasica en [&hellip;]<\/p>\n","protected":false},"author":667,"featured_media":7008,"comment_status":"open","ping_status":"open","sticky":false,"template":"","format":"standard","meta":{"footnotes":""},"categories":[28],"tags":[],"class_list":["post-7002","post","type-post","status-publish","format-standard","has-post-thumbnail","hentry","category-noticias"],"blocksy_meta":[],"_links":{"self":[{"href":"https:\/\/www.unioviedo.es\/vivireuropa\/index.php\/wp-json\/wp\/v2\/posts\/7002","targetHints":{"allow":["GET"]}}],"collection":[{"href":"https:\/\/www.unioviedo.es\/vivireuropa\/index.php\/wp-json\/wp\/v2\/posts"}],"about":[{"href":"https:\/\/www.unioviedo.es\/vivireuropa\/index.php\/wp-json\/wp\/v2\/types\/post"}],"author":[{"embeddable":true,"href":"https:\/\/www.unioviedo.es\/vivireuropa\/index.php\/wp-json\/wp\/v2\/users\/667"}],"replies":[{"embeddable":true,"href":"https:\/\/www.unioviedo.es\/vivireuropa\/index.php\/wp-json\/wp\/v2\/comments?post=7002"}],"version-history":[{"count":15,"href":"https:\/\/www.unioviedo.es\/vivireuropa\/index.php\/wp-json\/wp\/v2\/posts\/7002\/revisions"}],"predecessor-version":[{"id":7018,"href":"https:\/\/www.unioviedo.es\/vivireuropa\/index.php\/wp-json\/wp\/v2\/posts\/7002\/revisions\/7018"}],"wp:featuredmedia":[{"embeddable":true,"href":"https:\/\/www.unioviedo.es\/vivireuropa\/index.php\/wp-json\/wp\/v2\/media\/7008"}],"wp:attachment":[{"href":"https:\/\/www.unioviedo.es\/vivireuropa\/index.php\/wp-json\/wp\/v2\/media?parent=7002"}],"wp:term":[{"taxonomy":"category","embeddable":true,"href":"https:\/\/www.unioviedo.es\/vivireuropa\/index.php\/wp-json\/wp\/v2\/categories?post=7002"},{"taxonomy":"post_tag","embeddable":true,"href":"https:\/\/www.unioviedo.es\/vivireuropa\/index.php\/wp-json\/wp\/v2\/tags?post=7002"}],"curies":[{"name":"wp","href":"https:\/\/api.w.org\/{rel}","templated":true}]}}