{"id":1014,"date":"2019-09-25T13:46:23","date_gmt":"2019-09-25T11:46:23","guid":{"rendered":"http:\/\/www.unioviedo.es\/xixonsostenibilidad\/?p=1014"},"modified":"2019-10-11T16:13:48","modified_gmt":"2019-10-11T14:13:48","slug":"dia-mundial-turismo-2019","status":"publish","type":"post","link":"https:\/\/www.unioviedo.es\/xixonsostenibilidad\/index.php\/2019\/09\/25\/dia-mundial-turismo-2019\/","title":{"rendered":"ACTO ACAD\u00c9MICO  D\u00cdA MUNDIAL DEL TURISMO 2019"},"content":{"rendered":"\n<h2 class=\"has-text-align-center wp-block-heading\"><strong> TURISMO Y EMPLEO: UN FUTURO MEJOR PARA TODOS<\/strong><br> <br> 27 de septiembre<\/h2>\n\n\n\n<figure class=\"wp-block-image size-large\"><img loading=\"lazy\" decoding=\"async\" width=\"1024\" height=\"724\" src=\"https:\/\/www.unioviedo.es\/xixonsostenibilidad\/wp-content\/uploads\/2019\/09\/Acto_27S_2019-final-1024x724.jpg\" alt=\"\" class=\"wp-image-1015\" srcset=\"https:\/\/www.unioviedo.es\/xixonsostenibilidad\/wp-content\/uploads\/2019\/09\/Acto_27S_2019-final-1024x724.jpg 1024w, https:\/\/www.unioviedo.es\/xixonsostenibilidad\/wp-content\/uploads\/2019\/09\/Acto_27S_2019-final-300x212.jpg 300w, https:\/\/www.unioviedo.es\/xixonsostenibilidad\/wp-content\/uploads\/2019\/09\/Acto_27S_2019-final-768x543.jpg 768w\" sizes=\"auto, (max-width: 1024px) 100vw, 1024px\" \/><\/figure>\n","protected":false},"excerpt":{"rendered":"<p>TURISMO Y EMPLEO: UN FUTURO MEJOR PARA TODOS 27 de septiembre<\/p>\n","protected":false},"author":1,"featured_media":0,"comment_status":"closed","ping_status":"open","sticky":false,"template":"","format":"standard","meta":{"_crdt_document":"","_exactmetrics_skip_tracking":false,"_exactmetrics_sitenote_active":false,"_exactmetrics_sitenote_note":"","_exactmetrics_sitenote_category":0,"footnotes":""},"categories":[16,26,28],"tags":[43,45,44,10],"class_list":["post-1014","post","type-post","status-publish","format-standard","hentry","category-acto-academico","category-jornada","category-sesion-de-manana","tag-cambio-climatico","tag-empleo","tag-mice","tag-turismo"],"yoast_head":"<!-- This site is optimized with the Yoast SEO plugin v27.5 - https:\/\/yoast.com\/product\/yoast-seo-wordpress\/ -->\n<title>ACTO ACAD\u00c9MICO D\u00cdA MUNDIAL DEL TURISMO 2019 - C\u00e1tedra Milla del Conocimiento: Gij\u00f3n Sostenibilidad<\/title>\n<meta name=\"description\" content=\"La C\u00e1tedra Universitaria financiada por el Ayuntamiento de Gij\u00f3n colabora en el Acto Acad\u00e9mico de la Facultad Jovellanos en conferencias sobre Cambio Clim\u00e1tico, Empleo, Sector MICE\" \/>\n<meta name=\"robots\" content=\"index, follow, max-snippet:-1, max-image-preview:large, max-video-preview:-1\" \/>\n<link rel=\"canonical\" href=\"https:\/\/www.unioviedo.es\/xixonsostenibilidad\/index.php\/2019\/09\/25\/dia-mundial-turismo-2019\/\" \/>\n<meta property=\"og:locale\" content=\"es_ES\" \/>\n<meta property=\"og:type\" content=\"article\" \/>\n<meta property=\"og:title\" content=\"ACTO ACAD\u00c9MICO D\u00cdA MUNDIAL DEL TURISMO 2019 - C\u00e1tedra Milla del Conocimiento: Gij\u00f3n Sostenibilidad\" \/>\n<meta property=\"og:description\" content=\"La C\u00e1tedra Universitaria financiada por el Ayuntamiento de Gij\u00f3n colabora en el Acto Acad\u00e9mico de la Facultad Jovellanos en conferencias sobre Cambio Clim\u00e1tico, Empleo, Sector MICE\" \/>\n<meta property=\"og:url\" content=\"https:\/\/www.unioviedo.es\/xixonsostenibilidad\/index.php\/2019\/09\/25\/dia-mundial-turismo-2019\/\" \/>\n<meta property=\"og:site_name\" content=\"C\u00e1tedra Milla del Conocimiento: Gij\u00f3n Sostenibilidad\" \/>\n<meta property=\"article:published_time\" content=\"2019-09-25T11:46:23+00:00\" \/>\n<meta property=\"article:modified_time\" content=\"2019-10-11T14:13:48+00:00\" \/>\n<meta property=\"og:image\" content=\"https:\/\/www.unioviedo.es\/xixonsostenibilidad\/wp-content\/uploads\/2019\/09\/Acto_27S_2019-final-1024x724.jpg\" \/>\n<meta name=\"author\" content=\"admin\" \/>\n<meta name=\"twitter:card\" content=\"summary_large_image\" \/>\n<meta name=\"twitter:label1\" content=\"Escrito por\" \/>\n\t<meta name=\"twitter:data1\" content=\"admin\" \/>\n<script type=\"application\/ld+json\" class=\"yoast-schema-graph\">{\"@context\":\"https:\\\/\\\/schema.org\",\"@graph\":[{\"@type\":\"Article\",\"@id\":\"https:\\\/\\\/www.unioviedo.es\\\/xixonsostenibilidad\\\/index.php\\\/2019\\\/09\\\/25\\\/dia-mundial-turismo-2019\\\/#article\",\"isPartOf\":{\"@id\":\"https:\\\/\\\/www.unioviedo.es\\\/xixonsostenibilidad\\\/index.php\\\/2019\\\/09\\\/25\\\/dia-mundial-turismo-2019\\\/\"},\"author\":{\"name\":\"admin\",\"@id\":\"https:\\\/\\\/www.unioviedo.es\\\/xixonsostenibilidad\\\/#\\\/schema\\\/person\\\/00a8552266d1031c0a7fecbd5f96ca1e\"},\"headline\":\"ACTO ACAD\u00c9MICO D\u00cdA MUNDIAL DEL TURISMO 2019\",\"datePublished\":\"2019-09-25T11:46:23+00:00\",\"dateModified\":\"2019-10-11T14:13:48+00:00\",\"mainEntityOfPage\":{\"@id\":\"https:\\\/\\\/www.unioviedo.es\\\/xixonsostenibilidad\\\/index.php\\\/2019\\\/09\\\/25\\\/dia-mundial-turismo-2019\\\/\"},\"wordCount\":18,\"publisher\":{\"@id\":\"https:\\\/\\\/www.unioviedo.es\\\/xixonsostenibilidad\\\/#organization\"},\"image\":{\"@id\":\"https:\\\/\\\/www.unioviedo.es\\\/xixonsostenibilidad\\\/index.php\\\/2019\\\/09\\\/25\\\/dia-mundial-turismo-2019\\\/#primaryimage\"},\"thumbnailUrl\":\"https:\\\/\\\/www.unioviedo.es\\\/xixonsostenibilidad\\\/wp-content\\\/uploads\\\/2019\\\/09\\\/Acto_27S_2019-final-1024x724.jpg\",\"keywords\":[\"Cambio Clim\u00e1tico\",\"Empleo\",\"MICE\",\"Turismo\"],\"articleSection\":[\"Acto Acad\u00e9mico\",\"Jornada\",\"Sesi\u00f3n de Ma\u00f1ana\"],\"inLanguage\":\"es\"},{\"@type\":\"WebPage\",\"@id\":\"https:\\\/\\\/www.unioviedo.es\\\/xixonsostenibilidad\\\/index.php\\\/2019\\\/09\\\/25\\\/dia-mundial-turismo-2019\\\/\",\"url\":\"https:\\\/\\\/www.unioviedo.es\\\/xixonsostenibilidad\\\/index.php\\\/2019\\\/09\\\/25\\\/dia-mundial-turismo-2019\\\/\",\"name\":\"ACTO ACAD\u00c9MICO D\u00cdA MUNDIAL DEL TURISMO 2019 - C\u00e1tedra Milla del Conocimiento: Gij\u00f3n Sostenibilidad\",\"isPartOf\":{\"@id\":\"https:\\\/\\\/www.unioviedo.es\\\/xixonsostenibilidad\\\/#website\"},\"primaryImageOfPage\":{\"@id\":\"https:\\\/\\\/www.unioviedo.es\\\/xixonsostenibilidad\\\/index.php\\\/2019\\\/09\\\/25\\\/dia-mundial-turismo-2019\\\/#primaryimage\"},\"image\":{\"@id\":\"https:\\\/\\\/www.unioviedo.es\\\/xixonsostenibilidad\\\/index.php\\\/2019\\\/09\\\/25\\\/dia-mundial-turismo-2019\\\/#primaryimage\"},\"thumbnailUrl\":\"https:\\\/\\\/www.unioviedo.es\\\/xixonsostenibilidad\\\/wp-content\\\/uploads\\\/2019\\\/09\\\/Acto_27S_2019-final-1024x724.jpg\",\"datePublished\":\"2019-09-25T11:46:23+00:00\",\"dateModified\":\"2019-10-11T14:13:48+00:00\",\"description\":\"La C\u00e1tedra Universitaria financiada por el Ayuntamiento de Gij\u00f3n colabora en el Acto Acad\u00e9mico de la Facultad Jovellanos en conferencias sobre Cambio Clim\u00e1tico, Empleo, Sector MICE\",\"breadcrumb\":{\"@id\":\"https:\\\/\\\/www.unioviedo.es\\\/xixonsostenibilidad\\\/index.php\\\/2019\\\/09\\\/25\\\/dia-mundial-turismo-2019\\\/#breadcrumb\"},\"inLanguage\":\"es\",\"potentialAction\":[{\"@type\":\"ReadAction\",\"target\":[\"https:\\\/\\\/www.unioviedo.es\\\/xixonsostenibilidad\\\/index.php\\\/2019\\\/09\\\/25\\\/dia-mundial-turismo-2019\\\/\"]}]},{\"@type\":\"ImageObject\",\"inLanguage\":\"es\",\"@id\":\"https:\\\/\\\/www.unioviedo.es\\\/xixonsostenibilidad\\\/index.php\\\/2019\\\/09\\\/25\\\/dia-mundial-turismo-2019\\\/#primaryimage\",\"url\":\"https:\\\/\\\/www.unioviedo.es\\\/xixonsostenibilidad\\\/wp-content\\\/uploads\\\/2019\\\/09\\\/Acto_27S_2019-final.jpg\",\"contentUrl\":\"https:\\\/\\\/www.unioviedo.es\\\/xixonsostenibilidad\\\/wp-content\\\/uploads\\\/2019\\\/09\\\/Acto_27S_2019-final.jpg\",\"width\":3508,\"height\":2481},{\"@type\":\"BreadcrumbList\",\"@id\":\"https:\\\/\\\/www.unioviedo.es\\\/xixonsostenibilidad\\\/index.php\\\/2019\\\/09\\\/25\\\/dia-mundial-turismo-2019\\\/#breadcrumb\",\"itemListElement\":[{\"@type\":\"ListItem\",\"position\":1,\"name\":\"Portada\",\"item\":\"https:\\\/\\\/www.unioviedo.es\\\/xixonsostenibilidad\\\/\"},{\"@type\":\"ListItem\",\"position\":2,\"name\":\"ACTO ACAD\u00c9MICO D\u00cdA MUNDIAL DEL TURISMO 2019\"}]},{\"@type\":\"WebSite\",\"@id\":\"https:\\\/\\\/www.unioviedo.es\\\/xixonsostenibilidad\\\/#website\",\"url\":\"https:\\\/\\\/www.unioviedo.es\\\/xixonsostenibilidad\\\/\",\"name\":\"C\u00e1tedra Milla del Conocimiento: Gij\u00f3n Sostenibilidad\",\"description\":\"Las actividades de la C\u00e1tedra est\u00e1n patrocinadas por el Ayuntamiento de Gij\u00f3n\\\/Xix\u00f3n y pretende convertirse en un espacio interdisciplinario, reflexivo y abierto que contribuya a reorientar la actividad econ\u00f3mica y empresarial hacia el desarrollo sostenible de nuestro entorno en general, y del turismo en particular\",\"publisher\":{\"@id\":\"https:\\\/\\\/www.unioviedo.es\\\/xixonsostenibilidad\\\/#organization\"},\"potentialAction\":[{\"@type\":\"SearchAction\",\"target\":{\"@type\":\"EntryPoint\",\"urlTemplate\":\"https:\\\/\\\/www.unioviedo.es\\\/xixonsostenibilidad\\\/?s={search_term_string}\"},\"query-input\":{\"@type\":\"PropertyValueSpecification\",\"valueRequired\":true,\"valueName\":\"search_term_string\"}}],\"inLanguage\":\"es\"},{\"@type\":\"Organization\",\"@id\":\"https:\\\/\\\/www.unioviedo.es\\\/xixonsostenibilidad\\\/#organization\",\"name\":\"Universidad de Oviedo\",\"url\":\"https:\\\/\\\/www.unioviedo.es\\\/xixonsostenibilidad\\\/\",\"logo\":{\"@type\":\"ImageObject\",\"inLanguage\":\"es\",\"@id\":\"https:\\\/\\\/www.unioviedo.es\\\/xixonsostenibilidad\\\/#\\\/schema\\\/logo\\\/image\\\/\",\"url\":\"https:\\\/\\\/www.unioviedo.es\\\/xixonsostenibilidad\\\/wp-content\\\/uploads\\\/2023\\\/09\\\/Lgo-uniovi-catedra.png\",\"contentUrl\":\"https:\\\/\\\/www.unioviedo.es\\\/xixonsostenibilidad\\\/wp-content\\\/uploads\\\/2023\\\/09\\\/Lgo-uniovi-catedra.png\",\"width\":1669,\"height\":531,\"caption\":\"Universidad de Oviedo\"},\"image\":{\"@id\":\"https:\\\/\\\/www.unioviedo.es\\\/xixonsostenibilidad\\\/#\\\/schema\\\/logo\\\/image\\\/\"},\"sameAs\":[\"https:\\\/\\\/www.linkedin.com\\\/company\\\/65406893\\\/admin\\\/feed\\\/posts\\\/\"]},{\"@type\":\"Person\",\"@id\":\"https:\\\/\\\/www.unioviedo.es\\\/xixonsostenibilidad\\\/#\\\/schema\\\/person\\\/00a8552266d1031c0a7fecbd5f96ca1e\",\"name\":\"admin\",\"image\":{\"@type\":\"ImageObject\",\"inLanguage\":\"es\",\"@id\":\"https:\\\/\\\/secure.gravatar.com\\\/avatar\\\/2c29db5f9b7a50233bfffa6f4312191702211b91cdd05c7492c45d19a66e2d45?s=96&d=mm&r=g\",\"url\":\"https:\\\/\\\/secure.gravatar.com\\\/avatar\\\/2c29db5f9b7a50233bfffa6f4312191702211b91cdd05c7492c45d19a66e2d45?s=96&d=mm&r=g\",\"contentUrl\":\"https:\\\/\\\/secure.gravatar.com\\\/avatar\\\/2c29db5f9b7a50233bfffa6f4312191702211b91cdd05c7492c45d19a66e2d45?s=96&d=mm&r=g\",\"caption\":\"admin\"}}]}<\/script>\n<!-- \/ Yoast SEO plugin. -->","yoast_head_json":{"title":"ACTO ACAD\u00c9MICO D\u00cdA MUNDIAL DEL TURISMO 2019 - C\u00e1tedra Milla del Conocimiento: Gij\u00f3n Sostenibilidad","description":"La C\u00e1tedra Universitaria financiada por el Ayuntamiento de Gij\u00f3n colabora en el Acto Acad\u00e9mico de la Facultad Jovellanos en conferencias sobre Cambio Clim\u00e1tico, Empleo, Sector MICE","robots":{"index":"index","follow":"follow","max-snippet":"max-snippet:-1","max-image-preview":"max-image-preview:large","max-video-preview":"max-video-preview:-1"},"canonical":"https:\/\/www.unioviedo.es\/xixonsostenibilidad\/index.php\/2019\/09\/25\/dia-mundial-turismo-2019\/","og_locale":"es_ES","og_type":"article","og_title":"ACTO ACAD\u00c9MICO D\u00cdA MUNDIAL DEL TURISMO 2019 - C\u00e1tedra Milla del Conocimiento: Gij\u00f3n Sostenibilidad","og_description":"La C\u00e1tedra Universitaria financiada por el Ayuntamiento de Gij\u00f3n colabora en el Acto Acad\u00e9mico de la Facultad Jovellanos en conferencias sobre Cambio Clim\u00e1tico, Empleo, Sector MICE","og_url":"https:\/\/www.unioviedo.es\/xixonsostenibilidad\/index.php\/2019\/09\/25\/dia-mundial-turismo-2019\/","og_site_name":"C\u00e1tedra Milla del Conocimiento: Gij\u00f3n Sostenibilidad","article_published_time":"2019-09-25T11:46:23+00:00","article_modified_time":"2019-10-11T14:13:48+00:00","og_image":[{"url":"https:\/\/www.unioviedo.es\/xixonsostenibilidad\/wp-content\/uploads\/2019\/09\/Acto_27S_2019-final-1024x724.jpg","type":"","width":"","height":""}],"author":"admin","twitter_card":"summary_large_image","twitter_misc":{"Escrito por":"admin"},"schema":{"@context":"https:\/\/schema.org","@graph":[{"@type":"Article","@id":"https:\/\/www.unioviedo.es\/xixonsostenibilidad\/index.php\/2019\/09\/25\/dia-mundial-turismo-2019\/#article","isPartOf":{"@id":"https:\/\/www.unioviedo.es\/xixonsostenibilidad\/index.php\/2019\/09\/25\/dia-mundial-turismo-2019\/"},"author":{"name":"admin","@id":"https:\/\/www.unioviedo.es\/xixonsostenibilidad\/#\/schema\/person\/00a8552266d1031c0a7fecbd5f96ca1e"},"headline":"ACTO ACAD\u00c9MICO D\u00cdA MUNDIAL DEL TURISMO 2019","datePublished":"2019-09-25T11:46:23+00:00","dateModified":"2019-10-11T14:13:48+00:00","mainEntityOfPage":{"@id":"https:\/\/www.unioviedo.es\/xixonsostenibilidad\/index.php\/2019\/09\/25\/dia-mundial-turismo-2019\/"},"wordCount":18,"publisher":{"@id":"https:\/\/www.unioviedo.es\/xixonsostenibilidad\/#organization"},"image":{"@id":"https:\/\/www.unioviedo.es\/xixonsostenibilidad\/index.php\/2019\/09\/25\/dia-mundial-turismo-2019\/#primaryimage"},"thumbnailUrl":"https:\/\/www.unioviedo.es\/xixonsostenibilidad\/wp-content\/uploads\/2019\/09\/Acto_27S_2019-final-1024x724.jpg","keywords":["Cambio Clim\u00e1tico","Empleo","MICE","Turismo"],"articleSection":["Acto Acad\u00e9mico","Jornada","Sesi\u00f3n de Ma\u00f1ana"],"inLanguage":"es"},{"@type":"WebPage","@id":"https:\/\/www.unioviedo.es\/xixonsostenibilidad\/index.php\/2019\/09\/25\/dia-mundial-turismo-2019\/","url":"https:\/\/www.unioviedo.es\/xixonsostenibilidad\/index.php\/2019\/09\/25\/dia-mundial-turismo-2019\/","name":"ACTO ACAD\u00c9MICO D\u00cdA MUNDIAL DEL TURISMO 2019 - C\u00e1tedra Milla del Conocimiento: Gij\u00f3n Sostenibilidad","isPartOf":{"@id":"https:\/\/www.unioviedo.es\/xixonsostenibilidad\/#website"},"primaryImageOfPage":{"@id":"https:\/\/www.unioviedo.es\/xixonsostenibilidad\/index.php\/2019\/09\/25\/dia-mundial-turismo-2019\/#primaryimage"},"image":{"@id":"https:\/\/www.unioviedo.es\/xixonsostenibilidad\/index.php\/2019\/09\/25\/dia-mundial-turismo-2019\/#primaryimage"},"thumbnailUrl":"https:\/\/www.unioviedo.es\/xixonsostenibilidad\/wp-content\/uploads\/2019\/09\/Acto_27S_2019-final-1024x724.jpg","datePublished":"2019-09-25T11:46:23+00:00","dateModified":"2019-10-11T14:13:48+00:00","description":"La C\u00e1tedra Universitaria financiada por el Ayuntamiento de Gij\u00f3n colabora en el Acto Acad\u00e9mico de la Facultad Jovellanos en conferencias sobre Cambio Clim\u00e1tico, Empleo, Sector MICE","breadcrumb":{"@id":"https:\/\/www.unioviedo.es\/xixonsostenibilidad\/index.php\/2019\/09\/25\/dia-mundial-turismo-2019\/#breadcrumb"},"inLanguage":"es","potentialAction":[{"@type":"ReadAction","target":["https:\/\/www.unioviedo.es\/xixonsostenibilidad\/index.php\/2019\/09\/25\/dia-mundial-turismo-2019\/"]}]},{"@type":"ImageObject","inLanguage":"es","@id":"https:\/\/www.unioviedo.es\/xixonsostenibilidad\/index.php\/2019\/09\/25\/dia-mundial-turismo-2019\/#primaryimage","url":"https:\/\/www.unioviedo.es\/xixonsostenibilidad\/wp-content\/uploads\/2019\/09\/Acto_27S_2019-final.jpg","contentUrl":"https:\/\/www.unioviedo.es\/xixonsostenibilidad\/wp-content\/uploads\/2019\/09\/Acto_27S_2019-final.jpg","width":3508,"height":2481},{"@type":"BreadcrumbList","@id":"https:\/\/www.unioviedo.es\/xixonsostenibilidad\/index.php\/2019\/09\/25\/dia-mundial-turismo-2019\/#breadcrumb","itemListElement":[{"@type":"ListItem","position":1,"name":"Portada","item":"https:\/\/www.unioviedo.es\/xixonsostenibilidad\/"},{"@type":"ListItem","position":2,"name":"ACTO ACAD\u00c9MICO D\u00cdA MUNDIAL DEL TURISMO 2019"}]},{"@type":"WebSite","@id":"https:\/\/www.unioviedo.es\/xixonsostenibilidad\/#website","url":"https:\/\/www.unioviedo.es\/xixonsostenibilidad\/","name":"C\u00e1tedra Milla del Conocimiento: Gij\u00f3n Sostenibilidad","description":"Las actividades de la C\u00e1tedra est\u00e1n patrocinadas por el Ayuntamiento de Gij\u00f3n\/Xix\u00f3n y pretende convertirse en un espacio interdisciplinario, reflexivo y abierto que contribuya a reorientar la actividad econ\u00f3mica y empresarial hacia el desarrollo sostenible de nuestro entorno en general, y del turismo en particular","publisher":{"@id":"https:\/\/www.unioviedo.es\/xixonsostenibilidad\/#organization"},"potentialAction":[{"@type":"SearchAction","target":{"@type":"EntryPoint","urlTemplate":"https:\/\/www.unioviedo.es\/xixonsostenibilidad\/?s={search_term_string}"},"query-input":{"@type":"PropertyValueSpecification","valueRequired":true,"valueName":"search_term_string"}}],"inLanguage":"es"},{"@type":"Organization","@id":"https:\/\/www.unioviedo.es\/xixonsostenibilidad\/#organization","name":"Universidad de Oviedo","url":"https:\/\/www.unioviedo.es\/xixonsostenibilidad\/","logo":{"@type":"ImageObject","inLanguage":"es","@id":"https:\/\/www.unioviedo.es\/xixonsostenibilidad\/#\/schema\/logo\/image\/","url":"https:\/\/www.unioviedo.es\/xixonsostenibilidad\/wp-content\/uploads\/2023\/09\/Lgo-uniovi-catedra.png","contentUrl":"https:\/\/www.unioviedo.es\/xixonsostenibilidad\/wp-content\/uploads\/2023\/09\/Lgo-uniovi-catedra.png","width":1669,"height":531,"caption":"Universidad de Oviedo"},"image":{"@id":"https:\/\/www.unioviedo.es\/xixonsostenibilidad\/#\/schema\/logo\/image\/"},"sameAs":["https:\/\/www.linkedin.com\/company\/65406893\/admin\/feed\/posts\/"]},{"@type":"Person","@id":"https:\/\/www.unioviedo.es\/xixonsostenibilidad\/#\/schema\/person\/00a8552266d1031c0a7fecbd5f96ca1e","name":"admin","image":{"@type":"ImageObject","inLanguage":"es","@id":"https:\/\/secure.gravatar.com\/avatar\/2c29db5f9b7a50233bfffa6f4312191702211b91cdd05c7492c45d19a66e2d45?s=96&d=mm&r=g","url":"https:\/\/secure.gravatar.com\/avatar\/2c29db5f9b7a50233bfffa6f4312191702211b91cdd05c7492c45d19a66e2d45?s=96&d=mm&r=g","contentUrl":"https:\/\/secure.gravatar.com\/avatar\/2c29db5f9b7a50233bfffa6f4312191702211b91cdd05c7492c45d19a66e2d45?s=96&d=mm&r=g","caption":"admin"}}]}},"_links":{"self":[{"href":"https:\/\/www.unioviedo.es\/xixonsostenibilidad\/index.php\/wp-json\/wp\/v2\/posts\/1014","targetHints":{"allow":["GET"]}}],"collection":[{"href":"https:\/\/www.unioviedo.es\/xixonsostenibilidad\/index.php\/wp-json\/wp\/v2\/posts"}],"about":[{"href":"https:\/\/www.unioviedo.es\/xixonsostenibilidad\/index.php\/wp-json\/wp\/v2\/types\/post"}],"author":[{"embeddable":true,"href":"https:\/\/www.unioviedo.es\/xixonsostenibilidad\/index.php\/wp-json\/wp\/v2\/users\/1"}],"replies":[{"embeddable":true,"href":"https:\/\/www.unioviedo.es\/xixonsostenibilidad\/index.php\/wp-json\/wp\/v2\/comments?post=1014"}],"version-history":[{"count":3,"href":"https:\/\/www.unioviedo.es\/xixonsostenibilidad\/index.php\/wp-json\/wp\/v2\/posts\/1014\/revisions"}],"predecessor-version":[{"id":1019,"href":"https:\/\/www.unioviedo.es\/xixonsostenibilidad\/index.php\/wp-json\/wp\/v2\/posts\/1014\/revisions\/1019"}],"wp:attachment":[{"href":"https:\/\/www.unioviedo.es\/xixonsostenibilidad\/index.php\/wp-json\/wp\/v2\/media?parent=1014"}],"wp:term":[{"taxonomy":"category","embeddable":true,"href":"https:\/\/www.unioviedo.es\/xixonsostenibilidad\/index.php\/wp-json\/wp\/v2\/categories?post=1014"},{"taxonomy":"post_tag","embeddable":true,"href":"https:\/\/www.unioviedo.es\/xixonsostenibilidad\/index.php\/wp-json\/wp\/v2\/tags?post=1014"}],"curies":[{"name":"wp","href":"https:\/\/api.w.org\/{rel}","templated":true}]}}