{"id":1301,"date":"2025-04-10T20:46:25","date_gmt":"2025-04-10T18:46:25","guid":{"rendered":"https:\/\/www.unioviedo.es\/xixonsostenibilidad\/?p=1301"},"modified":"2025-04-10T20:46:27","modified_gmt":"2025-04-10T18:46:27","slug":"sostenibilidad-digitalizacion-y-resiliencia-desafios-para-las-ciudades","status":"publish","type":"post","link":"https:\/\/www.unioviedo.es\/xixonsostenibilidad\/index.php\/2025\/04\/10\/sostenibilidad-digitalizacion-y-resiliencia-desafios-para-las-ciudades\/","title":{"rendered":"Sostenibilidad, digitalizaci\u00f3n y resiliencia: desaf\u00edos para las ciudades"},"content":{"rendered":"\n<p class=\"wp-block-paragraph\">12 de noviembre 2024<\/p>\n\n\n\n<figure class=\"wp-block-image size-large\"><img loading=\"lazy\" decoding=\"async\" width=\"918\" height=\"1024\" src=\"https:\/\/www.unioviedo.es\/xixonsostenibilidad\/wp-content\/uploads\/2025\/04\/Imagen1-918x1024.png\" alt=\"\" class=\"wp-image-1302\" srcset=\"https:\/\/www.unioviedo.es\/xixonsostenibilidad\/wp-content\/uploads\/2025\/04\/Imagen1-918x1024.png 918w, https:\/\/www.unioviedo.es\/xixonsostenibilidad\/wp-content\/uploads\/2025\/04\/Imagen1-269x300.png 269w, https:\/\/www.unioviedo.es\/xixonsostenibilidad\/wp-content\/uploads\/2025\/04\/Imagen1-768x857.png 768w, https:\/\/www.unioviedo.es\/xixonsostenibilidad\/wp-content\/uploads\/2025\/04\/Imagen1-1377x1536.png 1377w, https:\/\/www.unioviedo.es\/xixonsostenibilidad\/wp-content\/uploads\/2025\/04\/Imagen1-1836x2048.png 1836w, https:\/\/www.unioviedo.es\/xixonsostenibilidad\/wp-content\/uploads\/2025\/04\/Imagen1.png 1881w\" sizes=\"auto, (max-width: 918px) 100vw, 918px\" \/><\/figure>\n","protected":false},"excerpt":{"rendered":"<p>12 de noviembre 2024<\/p>\n","protected":false},"author":1,"featured_media":0,"comment_status":"closed","ping_status":"closed","sticky":false,"template":"","format":"standard","meta":{"_crdt_document":"","_exactmetrics_skip_tracking":false,"_exactmetrics_sitenote_active":false,"_exactmetrics_sitenote_note":"","_exactmetrics_sitenote_category":0,"footnotes":""},"categories":[16,27,1],"tags":[24,83,84,35],"class_list":["post-1301","post","type-post","status-publish","format-standard","hentry","category-acto-academico","category-mesa-redonda","category-sin-categoria","tag-ciudades","tag-digitalizacion","tag-resiliencia","tag-sostenibilidad"],"yoast_head":"<!-- This site is optimized with the Yoast SEO plugin v27.5 - https:\/\/yoast.com\/product\/yoast-seo-wordpress\/ -->\n<title>Sostenibilidad, digitalizaci\u00f3n y resiliencia: desaf\u00edos para las ciudades - C\u00e1tedra Milla del Conocimiento: Gij\u00f3n Sostenibilidad<\/title>\n<meta name=\"robots\" content=\"index, follow, max-snippet:-1, max-image-preview:large, max-video-preview:-1\" \/>\n<link rel=\"canonical\" href=\"https:\/\/www.unioviedo.es\/xixonsostenibilidad\/index.php\/2025\/04\/10\/sostenibilidad-digitalizacion-y-resiliencia-desafios-para-las-ciudades\/\" \/>\n<meta property=\"og:locale\" content=\"es_ES\" \/>\n<meta property=\"og:type\" content=\"article\" \/>\n<meta property=\"og:title\" content=\"Sostenibilidad, digitalizaci\u00f3n y resiliencia: desaf\u00edos para las ciudades - C\u00e1tedra Milla del Conocimiento: Gij\u00f3n Sostenibilidad\" \/>\n<meta property=\"og:description\" content=\"12 de noviembre 2024\" \/>\n<meta property=\"og:url\" content=\"https:\/\/www.unioviedo.es\/xixonsostenibilidad\/index.php\/2025\/04\/10\/sostenibilidad-digitalizacion-y-resiliencia-desafios-para-las-ciudades\/\" \/>\n<meta property=\"og:site_name\" content=\"C\u00e1tedra Milla del Conocimiento: Gij\u00f3n Sostenibilidad\" \/>\n<meta property=\"article:published_time\" content=\"2025-04-10T18:46:25+00:00\" \/>\n<meta property=\"article:modified_time\" content=\"2025-04-10T18:46:27+00:00\" \/>\n<meta property=\"og:image\" content=\"https:\/\/www.unioviedo.es\/xixonsostenibilidad\/wp-content\/uploads\/2025\/04\/Imagen1-918x1024.png\" \/>\n\t<meta property=\"og:image:width\" content=\"918\" \/>\n\t<meta property=\"og:image:height\" content=\"1024\" \/>\n\t<meta property=\"og:image:type\" content=\"image\/png\" \/>\n<meta name=\"author\" content=\"admin\" \/>\n<meta name=\"twitter:card\" content=\"summary_large_image\" \/>\n<meta name=\"twitter:label1\" content=\"Escrito por\" \/>\n\t<meta name=\"twitter:data1\" content=\"admin\" \/>\n\t<meta name=\"twitter:label2\" content=\"Tiempo de lectura\" \/>\n\t<meta name=\"twitter:data2\" content=\"1 minuto\" \/>\n<script type=\"application\/ld+json\" class=\"yoast-schema-graph\">{\"@context\":\"https:\\\/\\\/schema.org\",\"@graph\":[{\"@type\":\"Article\",\"@id\":\"https:\\\/\\\/www.unioviedo.es\\\/xixonsostenibilidad\\\/index.php\\\/2025\\\/04\\\/10\\\/sostenibilidad-digitalizacion-y-resiliencia-desafios-para-las-ciudades\\\/#article\",\"isPartOf\":{\"@id\":\"https:\\\/\\\/www.unioviedo.es\\\/xixonsostenibilidad\\\/index.php\\\/2025\\\/04\\\/10\\\/sostenibilidad-digitalizacion-y-resiliencia-desafios-para-las-ciudades\\\/\"},\"author\":{\"name\":\"admin\",\"@id\":\"https:\\\/\\\/www.unioviedo.es\\\/xixonsostenibilidad\\\/#\\\/schema\\\/person\\\/00a8552266d1031c0a7fecbd5f96ca1e\"},\"headline\":\"Sostenibilidad, digitalizaci\u00f3n y resiliencia: desaf\u00edos para las ciudades\",\"datePublished\":\"2025-04-10T18:46:25+00:00\",\"dateModified\":\"2025-04-10T18:46:27+00:00\",\"mainEntityOfPage\":{\"@id\":\"https:\\\/\\\/www.unioviedo.es\\\/xixonsostenibilidad\\\/index.php\\\/2025\\\/04\\\/10\\\/sostenibilidad-digitalizacion-y-resiliencia-desafios-para-las-ciudades\\\/\"},\"wordCount\":12,\"publisher\":{\"@id\":\"https:\\\/\\\/www.unioviedo.es\\\/xixonsostenibilidad\\\/#organization\"},\"image\":{\"@id\":\"https:\\\/\\\/www.unioviedo.es\\\/xixonsostenibilidad\\\/index.php\\\/2025\\\/04\\\/10\\\/sostenibilidad-digitalizacion-y-resiliencia-desafios-para-las-ciudades\\\/#primaryimage\"},\"thumbnailUrl\":\"https:\\\/\\\/www.unioviedo.es\\\/xixonsostenibilidad\\\/wp-content\\\/uploads\\\/2025\\\/04\\\/Imagen1-918x1024.png\",\"keywords\":[\"Ciudades\",\"digitalizaci\u00f3n\",\"resiliencia\",\"Sostenibilidad\"],\"articleSection\":[\"Acto Acad\u00e9mico\",\"Mesa Redonda\"],\"inLanguage\":\"es\"},{\"@type\":\"WebPage\",\"@id\":\"https:\\\/\\\/www.unioviedo.es\\\/xixonsostenibilidad\\\/index.php\\\/2025\\\/04\\\/10\\\/sostenibilidad-digitalizacion-y-resiliencia-desafios-para-las-ciudades\\\/\",\"url\":\"https:\\\/\\\/www.unioviedo.es\\\/xixonsostenibilidad\\\/index.php\\\/2025\\\/04\\\/10\\\/sostenibilidad-digitalizacion-y-resiliencia-desafios-para-las-ciudades\\\/\",\"name\":\"Sostenibilidad, digitalizaci\u00f3n y resiliencia: desaf\u00edos para las ciudades - C\u00e1tedra Milla del Conocimiento: Gij\u00f3n Sostenibilidad\",\"isPartOf\":{\"@id\":\"https:\\\/\\\/www.unioviedo.es\\\/xixonsostenibilidad\\\/#website\"},\"primaryImageOfPage\":{\"@id\":\"https:\\\/\\\/www.unioviedo.es\\\/xixonsostenibilidad\\\/index.php\\\/2025\\\/04\\\/10\\\/sostenibilidad-digitalizacion-y-resiliencia-desafios-para-las-ciudades\\\/#primaryimage\"},\"image\":{\"@id\":\"https:\\\/\\\/www.unioviedo.es\\\/xixonsostenibilidad\\\/index.php\\\/2025\\\/04\\\/10\\\/sostenibilidad-digitalizacion-y-resiliencia-desafios-para-las-ciudades\\\/#primaryimage\"},\"thumbnailUrl\":\"https:\\\/\\\/www.unioviedo.es\\\/xixonsostenibilidad\\\/wp-content\\\/uploads\\\/2025\\\/04\\\/Imagen1-918x1024.png\",\"datePublished\":\"2025-04-10T18:46:25+00:00\",\"dateModified\":\"2025-04-10T18:46:27+00:00\",\"breadcrumb\":{\"@id\":\"https:\\\/\\\/www.unioviedo.es\\\/xixonsostenibilidad\\\/index.php\\\/2025\\\/04\\\/10\\\/sostenibilidad-digitalizacion-y-resiliencia-desafios-para-las-ciudades\\\/#breadcrumb\"},\"inLanguage\":\"es\",\"potentialAction\":[{\"@type\":\"ReadAction\",\"target\":[\"https:\\\/\\\/www.unioviedo.es\\\/xixonsostenibilidad\\\/index.php\\\/2025\\\/04\\\/10\\\/sostenibilidad-digitalizacion-y-resiliencia-desafios-para-las-ciudades\\\/\"]}]},{\"@type\":\"ImageObject\",\"inLanguage\":\"es\",\"@id\":\"https:\\\/\\\/www.unioviedo.es\\\/xixonsostenibilidad\\\/index.php\\\/2025\\\/04\\\/10\\\/sostenibilidad-digitalizacion-y-resiliencia-desafios-para-las-ciudades\\\/#primaryimage\",\"url\":\"https:\\\/\\\/www.unioviedo.es\\\/xixonsostenibilidad\\\/wp-content\\\/uploads\\\/2025\\\/04\\\/Imagen1.png\",\"contentUrl\":\"https:\\\/\\\/www.unioviedo.es\\\/xixonsostenibilidad\\\/wp-content\\\/uploads\\\/2025\\\/04\\\/Imagen1.png\",\"width\":1881,\"height\":2098},{\"@type\":\"BreadcrumbList\",\"@id\":\"https:\\\/\\\/www.unioviedo.es\\\/xixonsostenibilidad\\\/index.php\\\/2025\\\/04\\\/10\\\/sostenibilidad-digitalizacion-y-resiliencia-desafios-para-las-ciudades\\\/#breadcrumb\",\"itemListElement\":[{\"@type\":\"ListItem\",\"position\":1,\"name\":\"Portada\",\"item\":\"https:\\\/\\\/www.unioviedo.es\\\/xixonsostenibilidad\\\/\"},{\"@type\":\"ListItem\",\"position\":2,\"name\":\"Sostenibilidad, digitalizaci\u00f3n y resiliencia: desaf\u00edos para las ciudades\"}]},{\"@type\":\"WebSite\",\"@id\":\"https:\\\/\\\/www.unioviedo.es\\\/xixonsostenibilidad\\\/#website\",\"url\":\"https:\\\/\\\/www.unioviedo.es\\\/xixonsostenibilidad\\\/\",\"name\":\"C\u00e1tedra Milla del Conocimiento: Gij\u00f3n Sostenibilidad\",\"description\":\"Las actividades de la C\u00e1tedra est\u00e1n patrocinadas por el Ayuntamiento de Gij\u00f3n\\\/Xix\u00f3n y pretende convertirse en un espacio interdisciplinario, reflexivo y abierto que contribuya a reorientar la actividad econ\u00f3mica y empresarial hacia el desarrollo sostenible de nuestro entorno en general, y del turismo en particular\",\"publisher\":{\"@id\":\"https:\\\/\\\/www.unioviedo.es\\\/xixonsostenibilidad\\\/#organization\"},\"potentialAction\":[{\"@type\":\"SearchAction\",\"target\":{\"@type\":\"EntryPoint\",\"urlTemplate\":\"https:\\\/\\\/www.unioviedo.es\\\/xixonsostenibilidad\\\/?s={search_term_string}\"},\"query-input\":{\"@type\":\"PropertyValueSpecification\",\"valueRequired\":true,\"valueName\":\"search_term_string\"}}],\"inLanguage\":\"es\"},{\"@type\":\"Organization\",\"@id\":\"https:\\\/\\\/www.unioviedo.es\\\/xixonsostenibilidad\\\/#organization\",\"name\":\"Universidad de Oviedo\",\"url\":\"https:\\\/\\\/www.unioviedo.es\\\/xixonsostenibilidad\\\/\",\"logo\":{\"@type\":\"ImageObject\",\"inLanguage\":\"es\",\"@id\":\"https:\\\/\\\/www.unioviedo.es\\\/xixonsostenibilidad\\\/#\\\/schema\\\/logo\\\/image\\\/\",\"url\":\"https:\\\/\\\/www.unioviedo.es\\\/xixonsostenibilidad\\\/wp-content\\\/uploads\\\/2023\\\/09\\\/Lgo-uniovi-catedra.png\",\"contentUrl\":\"https:\\\/\\\/www.unioviedo.es\\\/xixonsostenibilidad\\\/wp-content\\\/uploads\\\/2023\\\/09\\\/Lgo-uniovi-catedra.png\",\"width\":1669,\"height\":531,\"caption\":\"Universidad de Oviedo\"},\"image\":{\"@id\":\"https:\\\/\\\/www.unioviedo.es\\\/xixonsostenibilidad\\\/#\\\/schema\\\/logo\\\/image\\\/\"},\"sameAs\":[\"https:\\\/\\\/www.linkedin.com\\\/company\\\/65406893\\\/admin\\\/feed\\\/posts\\\/\"]},{\"@type\":\"Person\",\"@id\":\"https:\\\/\\\/www.unioviedo.es\\\/xixonsostenibilidad\\\/#\\\/schema\\\/person\\\/00a8552266d1031c0a7fecbd5f96ca1e\",\"name\":\"admin\",\"image\":{\"@type\":\"ImageObject\",\"inLanguage\":\"es\",\"@id\":\"https:\\\/\\\/secure.gravatar.com\\\/avatar\\\/2c29db5f9b7a50233bfffa6f4312191702211b91cdd05c7492c45d19a66e2d45?s=96&d=mm&r=g\",\"url\":\"https:\\\/\\\/secure.gravatar.com\\\/avatar\\\/2c29db5f9b7a50233bfffa6f4312191702211b91cdd05c7492c45d19a66e2d45?s=96&d=mm&r=g\",\"contentUrl\":\"https:\\\/\\\/secure.gravatar.com\\\/avatar\\\/2c29db5f9b7a50233bfffa6f4312191702211b91cdd05c7492c45d19a66e2d45?s=96&d=mm&r=g\",\"caption\":\"admin\"}}]}<\/script>\n<!-- \/ Yoast SEO plugin. -->","yoast_head_json":{"title":"Sostenibilidad, digitalizaci\u00f3n y resiliencia: desaf\u00edos para las ciudades - C\u00e1tedra Milla del Conocimiento: Gij\u00f3n Sostenibilidad","robots":{"index":"index","follow":"follow","max-snippet":"max-snippet:-1","max-image-preview":"max-image-preview:large","max-video-preview":"max-video-preview:-1"},"canonical":"https:\/\/www.unioviedo.es\/xixonsostenibilidad\/index.php\/2025\/04\/10\/sostenibilidad-digitalizacion-y-resiliencia-desafios-para-las-ciudades\/","og_locale":"es_ES","og_type":"article","og_title":"Sostenibilidad, digitalizaci\u00f3n y resiliencia: desaf\u00edos para las ciudades - C\u00e1tedra Milla del Conocimiento: Gij\u00f3n Sostenibilidad","og_description":"12 de noviembre 2024","og_url":"https:\/\/www.unioviedo.es\/xixonsostenibilidad\/index.php\/2025\/04\/10\/sostenibilidad-digitalizacion-y-resiliencia-desafios-para-las-ciudades\/","og_site_name":"C\u00e1tedra Milla del Conocimiento: Gij\u00f3n Sostenibilidad","article_published_time":"2025-04-10T18:46:25+00:00","article_modified_time":"2025-04-10T18:46:27+00:00","og_image":[{"width":918,"height":1024,"url":"https:\/\/www.unioviedo.es\/xixonsostenibilidad\/wp-content\/uploads\/2025\/04\/Imagen1-918x1024.png","type":"image\/png"}],"author":"admin","twitter_card":"summary_large_image","twitter_misc":{"Escrito por":"admin","Tiempo de lectura":"1 minuto"},"schema":{"@context":"https:\/\/schema.org","@graph":[{"@type":"Article","@id":"https:\/\/www.unioviedo.es\/xixonsostenibilidad\/index.php\/2025\/04\/10\/sostenibilidad-digitalizacion-y-resiliencia-desafios-para-las-ciudades\/#article","isPartOf":{"@id":"https:\/\/www.unioviedo.es\/xixonsostenibilidad\/index.php\/2025\/04\/10\/sostenibilidad-digitalizacion-y-resiliencia-desafios-para-las-ciudades\/"},"author":{"name":"admin","@id":"https:\/\/www.unioviedo.es\/xixonsostenibilidad\/#\/schema\/person\/00a8552266d1031c0a7fecbd5f96ca1e"},"headline":"Sostenibilidad, digitalizaci\u00f3n y resiliencia: desaf\u00edos para las ciudades","datePublished":"2025-04-10T18:46:25+00:00","dateModified":"2025-04-10T18:46:27+00:00","mainEntityOfPage":{"@id":"https:\/\/www.unioviedo.es\/xixonsostenibilidad\/index.php\/2025\/04\/10\/sostenibilidad-digitalizacion-y-resiliencia-desafios-para-las-ciudades\/"},"wordCount":12,"publisher":{"@id":"https:\/\/www.unioviedo.es\/xixonsostenibilidad\/#organization"},"image":{"@id":"https:\/\/www.unioviedo.es\/xixonsostenibilidad\/index.php\/2025\/04\/10\/sostenibilidad-digitalizacion-y-resiliencia-desafios-para-las-ciudades\/#primaryimage"},"thumbnailUrl":"https:\/\/www.unioviedo.es\/xixonsostenibilidad\/wp-content\/uploads\/2025\/04\/Imagen1-918x1024.png","keywords":["Ciudades","digitalizaci\u00f3n","resiliencia","Sostenibilidad"],"articleSection":["Acto Acad\u00e9mico","Mesa Redonda"],"inLanguage":"es"},{"@type":"WebPage","@id":"https:\/\/www.unioviedo.es\/xixonsostenibilidad\/index.php\/2025\/04\/10\/sostenibilidad-digitalizacion-y-resiliencia-desafios-para-las-ciudades\/","url":"https:\/\/www.unioviedo.es\/xixonsostenibilidad\/index.php\/2025\/04\/10\/sostenibilidad-digitalizacion-y-resiliencia-desafios-para-las-ciudades\/","name":"Sostenibilidad, digitalizaci\u00f3n y resiliencia: desaf\u00edos para las ciudades - C\u00e1tedra Milla del Conocimiento: Gij\u00f3n Sostenibilidad","isPartOf":{"@id":"https:\/\/www.unioviedo.es\/xixonsostenibilidad\/#website"},"primaryImageOfPage":{"@id":"https:\/\/www.unioviedo.es\/xixonsostenibilidad\/index.php\/2025\/04\/10\/sostenibilidad-digitalizacion-y-resiliencia-desafios-para-las-ciudades\/#primaryimage"},"image":{"@id":"https:\/\/www.unioviedo.es\/xixonsostenibilidad\/index.php\/2025\/04\/10\/sostenibilidad-digitalizacion-y-resiliencia-desafios-para-las-ciudades\/#primaryimage"},"thumbnailUrl":"https:\/\/www.unioviedo.es\/xixonsostenibilidad\/wp-content\/uploads\/2025\/04\/Imagen1-918x1024.png","datePublished":"2025-04-10T18:46:25+00:00","dateModified":"2025-04-10T18:46:27+00:00","breadcrumb":{"@id":"https:\/\/www.unioviedo.es\/xixonsostenibilidad\/index.php\/2025\/04\/10\/sostenibilidad-digitalizacion-y-resiliencia-desafios-para-las-ciudades\/#breadcrumb"},"inLanguage":"es","potentialAction":[{"@type":"ReadAction","target":["https:\/\/www.unioviedo.es\/xixonsostenibilidad\/index.php\/2025\/04\/10\/sostenibilidad-digitalizacion-y-resiliencia-desafios-para-las-ciudades\/"]}]},{"@type":"ImageObject","inLanguage":"es","@id":"https:\/\/www.unioviedo.es\/xixonsostenibilidad\/index.php\/2025\/04\/10\/sostenibilidad-digitalizacion-y-resiliencia-desafios-para-las-ciudades\/#primaryimage","url":"https:\/\/www.unioviedo.es\/xixonsostenibilidad\/wp-content\/uploads\/2025\/04\/Imagen1.png","contentUrl":"https:\/\/www.unioviedo.es\/xixonsostenibilidad\/wp-content\/uploads\/2025\/04\/Imagen1.png","width":1881,"height":2098},{"@type":"BreadcrumbList","@id":"https:\/\/www.unioviedo.es\/xixonsostenibilidad\/index.php\/2025\/04\/10\/sostenibilidad-digitalizacion-y-resiliencia-desafios-para-las-ciudades\/#breadcrumb","itemListElement":[{"@type":"ListItem","position":1,"name":"Portada","item":"https:\/\/www.unioviedo.es\/xixonsostenibilidad\/"},{"@type":"ListItem","position":2,"name":"Sostenibilidad, digitalizaci\u00f3n y resiliencia: desaf\u00edos para las ciudades"}]},{"@type":"WebSite","@id":"https:\/\/www.unioviedo.es\/xixonsostenibilidad\/#website","url":"https:\/\/www.unioviedo.es\/xixonsostenibilidad\/","name":"C\u00e1tedra Milla del Conocimiento: Gij\u00f3n Sostenibilidad","description":"Las actividades de la C\u00e1tedra est\u00e1n patrocinadas por el Ayuntamiento de Gij\u00f3n\/Xix\u00f3n y pretende convertirse en un espacio interdisciplinario, reflexivo y abierto que contribuya a reorientar la actividad econ\u00f3mica y empresarial hacia el desarrollo sostenible de nuestro entorno en general, y del turismo en particular","publisher":{"@id":"https:\/\/www.unioviedo.es\/xixonsostenibilidad\/#organization"},"potentialAction":[{"@type":"SearchAction","target":{"@type":"EntryPoint","urlTemplate":"https:\/\/www.unioviedo.es\/xixonsostenibilidad\/?s={search_term_string}"},"query-input":{"@type":"PropertyValueSpecification","valueRequired":true,"valueName":"search_term_string"}}],"inLanguage":"es"},{"@type":"Organization","@id":"https:\/\/www.unioviedo.es\/xixonsostenibilidad\/#organization","name":"Universidad de Oviedo","url":"https:\/\/www.unioviedo.es\/xixonsostenibilidad\/","logo":{"@type":"ImageObject","inLanguage":"es","@id":"https:\/\/www.unioviedo.es\/xixonsostenibilidad\/#\/schema\/logo\/image\/","url":"https:\/\/www.unioviedo.es\/xixonsostenibilidad\/wp-content\/uploads\/2023\/09\/Lgo-uniovi-catedra.png","contentUrl":"https:\/\/www.unioviedo.es\/xixonsostenibilidad\/wp-content\/uploads\/2023\/09\/Lgo-uniovi-catedra.png","width":1669,"height":531,"caption":"Universidad de Oviedo"},"image":{"@id":"https:\/\/www.unioviedo.es\/xixonsostenibilidad\/#\/schema\/logo\/image\/"},"sameAs":["https:\/\/www.linkedin.com\/company\/65406893\/admin\/feed\/posts\/"]},{"@type":"Person","@id":"https:\/\/www.unioviedo.es\/xixonsostenibilidad\/#\/schema\/person\/00a8552266d1031c0a7fecbd5f96ca1e","name":"admin","image":{"@type":"ImageObject","inLanguage":"es","@id":"https:\/\/secure.gravatar.com\/avatar\/2c29db5f9b7a50233bfffa6f4312191702211b91cdd05c7492c45d19a66e2d45?s=96&d=mm&r=g","url":"https:\/\/secure.gravatar.com\/avatar\/2c29db5f9b7a50233bfffa6f4312191702211b91cdd05c7492c45d19a66e2d45?s=96&d=mm&r=g","contentUrl":"https:\/\/secure.gravatar.com\/avatar\/2c29db5f9b7a50233bfffa6f4312191702211b91cdd05c7492c45d19a66e2d45?s=96&d=mm&r=g","caption":"admin"}}]}},"_links":{"self":[{"href":"https:\/\/www.unioviedo.es\/xixonsostenibilidad\/index.php\/wp-json\/wp\/v2\/posts\/1301","targetHints":{"allow":["GET"]}}],"collection":[{"href":"https:\/\/www.unioviedo.es\/xixonsostenibilidad\/index.php\/wp-json\/wp\/v2\/posts"}],"about":[{"href":"https:\/\/www.unioviedo.es\/xixonsostenibilidad\/index.php\/wp-json\/wp\/v2\/types\/post"}],"author":[{"embeddable":true,"href":"https:\/\/www.unioviedo.es\/xixonsostenibilidad\/index.php\/wp-json\/wp\/v2\/users\/1"}],"replies":[{"embeddable":true,"href":"https:\/\/www.unioviedo.es\/xixonsostenibilidad\/index.php\/wp-json\/wp\/v2\/comments?post=1301"}],"version-history":[{"count":1,"href":"https:\/\/www.unioviedo.es\/xixonsostenibilidad\/index.php\/wp-json\/wp\/v2\/posts\/1301\/revisions"}],"predecessor-version":[{"id":1303,"href":"https:\/\/www.unioviedo.es\/xixonsostenibilidad\/index.php\/wp-json\/wp\/v2\/posts\/1301\/revisions\/1303"}],"wp:attachment":[{"href":"https:\/\/www.unioviedo.es\/xixonsostenibilidad\/index.php\/wp-json\/wp\/v2\/media?parent=1301"}],"wp:term":[{"taxonomy":"category","embeddable":true,"href":"https:\/\/www.unioviedo.es\/xixonsostenibilidad\/index.php\/wp-json\/wp\/v2\/categories?post=1301"},{"taxonomy":"post_tag","embeddable":true,"href":"https:\/\/www.unioviedo.es\/xixonsostenibilidad\/index.php\/wp-json\/wp\/v2\/tags?post=1301"}],"curies":[{"name":"wp","href":"https:\/\/api.w.org\/{rel}","templated":true}]}}