{"id":1305,"date":"2025-04-23T11:25:39","date_gmt":"2025-04-23T09:25:39","guid":{"rendered":"https:\/\/www.unioviedo.es\/xixonsostenibilidad\/?p=1305"},"modified":"2025-04-23T16:22:05","modified_gmt":"2025-04-23T14:22:05","slug":"el-impacto-del-emprendimiento-en-la-cooperacion-al-desarrollo","status":"publish","type":"post","link":"https:\/\/www.unioviedo.es\/xixonsostenibilidad\/index.php\/2025\/04\/23\/el-impacto-del-emprendimiento-en-la-cooperacion-al-desarrollo\/","title":{"rendered":"El impacto del emprendimiento en la cooperaci\u00f3n al desarrollo"},"content":{"rendered":"\n<p class=\"wp-block-paragraph\">La Facultad de Comercio, Turismo y Ciencias Sociales, en colaboraci\u00f3n con la C\u00e1tedra Milla del Conocimiento Gij\u00f3n Sostenibilidad, acoge el <strong>pr\u00f3ximo martes 29 de abril a las 15 horas<\/strong> al conversatorio \u00ab<strong>El impacto del emprendimiento en la cooperaci\u00f3n al desarrollo<\/strong>\u201d.<\/p>\n\n\n\n<p class=\"wp-block-paragraph\">Tendr\u00e1 lugar en el Aula 012 y est\u00e1 organizado en el marco del proyecto \u201cMiradas Altas: cooperaci\u00f3n al desarrollo y econom\u00eda social\u201d, financiado por la Agencia Asturiana de Cooperaci\u00f3n y con especial inter\u00e9s para aquellos alumnos de trabajo social o interesados en el emprendimiento.<\/p>\n\n\n\n<p class=\"wp-block-paragraph\">Este encuentro contar\u00e1 con la participaci\u00f3n virtual de representantes de dos organizaciones bolivianas y contrapartes de ASATA en el pa\u00eds andino.<\/p>\n\n\n\n<p class=\"wp-block-paragraph\">Intervendr\u00e1n:<\/p>\n\n\n\n<ul class=\"wp-block-list\">\n<li>Carla Guti\u00e9rrez, directora del Centro de Promoci\u00f3n de la Mujer Gregoria Apaza (CPMGA), quien compartir\u00e1 experiencias de mujeres bolivianas que, desde el CPMGA, han logrado superar barreras estructurales para alcanzar su independencia econ\u00f3mica.<\/li>\n\n\n\n<li>Federico Escobar, director del Centro de Multiservicios Educativos (CEMSE), que presentar\u00e1 iniciativas juveniles que apuestan por la transformaci\u00f3n social a trav\u00e9s de la educaci\u00f3n t\u00e9cnica y la innovaci\u00f3n.<\/li>\n<\/ul>\n\n\n\n<ul class=\"wp-block-list\">\n<li>Ana Murias, presidenta de AMESPA (Asociaci\u00f3n de Mujeres Empresarias del Principado de Asturias), quien abordar\u00e1 el estado actual del emprendimiento femenino en la regi\u00f3n. Su intervenci\u00f3n se centrar\u00e1 en los desaf\u00edos, oportunidades y logros de las mujeres asturianas en el \u00e1mbito empresarial, destacando el papel del liderazgo femenino y la importancia de crear redes de apoyo, formaci\u00f3n continua y pol\u00edticas inclusivas.<\/li>\n<\/ul>\n\n\n\n<p class=\"wp-block-paragraph\">Este encuentro contar\u00e1 con la participaci\u00f3n virtual de representantes de dos organizaciones bolivianas y contrapartes de ASATA en el pa\u00eds andino.<\/p>\n\n\n\n<p class=\"wp-block-paragraph\">Intervendr\u00e1n:<\/p>\n\n\n\n<ul class=\"wp-block-list\">\n<li>Carla Guti\u00e9rrez, directora del Centro de Promoci\u00f3n de la Mujer Gregoria Apaza (CPMGA), quien compartir\u00e1 experiencias de mujeres bolivianas que, desde el CPMGA, han logrado superar barreras estructurales para alcanzar su independencia econ\u00f3mica.<\/li>\n\n\n\n<li>Federico Escobar, director del Centro de Multiservicios Educativos (CEMSE), que presentar\u00e1 iniciativas juveniles que apuestan por la transformaci\u00f3n social a trav\u00e9s de la educaci\u00f3n t\u00e9cnica y la innovaci\u00f3n.<\/li>\n<\/ul>\n\n\n\n<ul class=\"wp-block-list\">\n<li>Ana Murias, presidenta de AMESPA (Asociaci\u00f3n de Mujeres Empresarias del Principado de Asturias), quien abordar\u00e1 el estado actual del emprendimiento femenino en la regi\u00f3n. Su intervenci\u00f3n se centrar\u00e1 en los desaf\u00edos, oportunidades y logros de las mujeres asturianas en el \u00e1mbito empresarial, destacando el papel del liderazgo femenino y la importancia de crear redes de apoyo, formaci\u00f3n continua y pol\u00edticas inclusivas.<\/li>\n<\/ul>\n\n\n\n<figure class=\"wp-block-image size-full\"><img loading=\"lazy\" decoding=\"async\" width=\"349\" height=\"494\" src=\"https:\/\/www.unioviedo.es\/xixonsostenibilidad\/wp-content\/uploads\/2025\/04\/Asata.jpg\" alt=\"\" class=\"wp-image-1306\" srcset=\"https:\/\/www.unioviedo.es\/xixonsostenibilidad\/wp-content\/uploads\/2025\/04\/Asata.jpg 349w, https:\/\/www.unioviedo.es\/xixonsostenibilidad\/wp-content\/uploads\/2025\/04\/Asata-212x300.jpg 212w\" sizes=\"auto, (max-width: 349px) 100vw, 349px\" \/><\/figure>\n","protected":false},"excerpt":{"rendered":"<p>La Facultad de Comercio, Turismo y Ciencias Sociales, en colaboraci\u00f3n con la C\u00e1tedra Milla del Conocimiento Gij\u00f3n Sostenibilidad, acoge el pr\u00f3ximo martes 29 de abril a las 15 horas al conversatorio \u00abEl impacto del emprendimiento en la cooperaci\u00f3n al desarrollo\u201d. Tendr\u00e1 lugar en el Aula 012 y est\u00e1 organizado en el marco del proyecto \u201cMiradas [&hellip;]<\/p>\n","protected":false},"author":1,"featured_media":1306,"comment_status":"closed","ping_status":"closed","sticky":false,"template":"","format":"standard","meta":{"_crdt_document":"","_exactmetrics_skip_tracking":false,"_exactmetrics_sitenote_active":false,"_exactmetrics_sitenote_note":"","_exactmetrics_sitenote_category":0,"footnotes":""},"categories":[51],"tags":[86,87,65],"class_list":["post-1305","post","type-post","status-publish","format-standard","has-post-thumbnail","hentry","category-conferencia","tag-cooperacion","tag-economia-social","tag-emprendimiento"],"yoast_head":"<!-- This site is optimized with the Yoast SEO plugin v27.5 - https:\/\/yoast.com\/product\/yoast-seo-wordpress\/ -->\n<title>El impacto del emprendimiento en la cooperaci\u00f3n al desarrollo - C\u00e1tedra Milla del Conocimiento: Gij\u00f3n Sostenibilidad<\/title>\n<meta name=\"robots\" content=\"index, follow, max-snippet:-1, max-image-preview:large, max-video-preview:-1\" \/>\n<link rel=\"canonical\" href=\"https:\/\/www.unioviedo.es\/xixonsostenibilidad\/index.php\/2025\/04\/23\/el-impacto-del-emprendimiento-en-la-cooperacion-al-desarrollo\/\" \/>\n<meta property=\"og:locale\" content=\"es_ES\" \/>\n<meta property=\"og:type\" content=\"article\" \/>\n<meta property=\"og:title\" content=\"El impacto del emprendimiento en la cooperaci\u00f3n al desarrollo - C\u00e1tedra Milla del Conocimiento: Gij\u00f3n Sostenibilidad\" \/>\n<meta property=\"og:description\" content=\"La Facultad de Comercio, Turismo y Ciencias Sociales, en colaboraci\u00f3n con la C\u00e1tedra Milla del Conocimiento Gij\u00f3n Sostenibilidad, acoge el pr\u00f3ximo martes 29 de abril a las 15 horas al conversatorio \u00abEl impacto del emprendimiento en la cooperaci\u00f3n al desarrollo\u201d. Tendr\u00e1 lugar en el Aula 012 y est\u00e1 organizado en el marco del proyecto \u201cMiradas [&hellip;]\" \/>\n<meta property=\"og:url\" content=\"https:\/\/www.unioviedo.es\/xixonsostenibilidad\/index.php\/2025\/04\/23\/el-impacto-del-emprendimiento-en-la-cooperacion-al-desarrollo\/\" \/>\n<meta property=\"og:site_name\" content=\"C\u00e1tedra Milla del Conocimiento: Gij\u00f3n Sostenibilidad\" \/>\n<meta property=\"article:published_time\" content=\"2025-04-23T09:25:39+00:00\" \/>\n<meta property=\"article:modified_time\" content=\"2025-04-23T14:22:05+00:00\" \/>\n<meta property=\"og:image\" content=\"http:\/\/www.unioviedo.es\/xixonsostenibilidad\/wp-content\/uploads\/2025\/04\/Asata.jpg\" \/>\n\t<meta property=\"og:image:width\" content=\"349\" \/>\n\t<meta property=\"og:image:height\" content=\"494\" \/>\n\t<meta property=\"og:image:type\" content=\"image\/jpeg\" \/>\n<meta name=\"author\" content=\"admin\" \/>\n<meta name=\"twitter:card\" content=\"summary_large_image\" \/>\n<meta name=\"twitter:label1\" content=\"Escrito por\" \/>\n\t<meta name=\"twitter:data1\" content=\"admin\" \/>\n\t<meta name=\"twitter:label2\" content=\"Tiempo de lectura\" \/>\n\t<meta name=\"twitter:data2\" content=\"3 minutos\" \/>\n<script type=\"application\/ld+json\" class=\"yoast-schema-graph\">{\"@context\":\"https:\\\/\\\/schema.org\",\"@graph\":[{\"@type\":\"Article\",\"@id\":\"https:\\\/\\\/www.unioviedo.es\\\/xixonsostenibilidad\\\/index.php\\\/2025\\\/04\\\/23\\\/el-impacto-del-emprendimiento-en-la-cooperacion-al-desarrollo\\\/#article\",\"isPartOf\":{\"@id\":\"https:\\\/\\\/www.unioviedo.es\\\/xixonsostenibilidad\\\/index.php\\\/2025\\\/04\\\/23\\\/el-impacto-del-emprendimiento-en-la-cooperacion-al-desarrollo\\\/\"},\"author\":{\"name\":\"admin\",\"@id\":\"https:\\\/\\\/www.unioviedo.es\\\/xixonsostenibilidad\\\/#\\\/schema\\\/person\\\/00a8552266d1031c0a7fecbd5f96ca1e\"},\"headline\":\"El impacto del emprendimiento en la cooperaci\u00f3n al desarrollo\",\"datePublished\":\"2025-04-23T09:25:39+00:00\",\"dateModified\":\"2025-04-23T14:22:05+00:00\",\"mainEntityOfPage\":{\"@id\":\"https:\\\/\\\/www.unioviedo.es\\\/xixonsostenibilidad\\\/index.php\\\/2025\\\/04\\\/23\\\/el-impacto-del-emprendimiento-en-la-cooperacion-al-desarrollo\\\/\"},\"wordCount\":422,\"publisher\":{\"@id\":\"https:\\\/\\\/www.unioviedo.es\\\/xixonsostenibilidad\\\/#organization\"},\"image\":{\"@id\":\"https:\\\/\\\/www.unioviedo.es\\\/xixonsostenibilidad\\\/index.php\\\/2025\\\/04\\\/23\\\/el-impacto-del-emprendimiento-en-la-cooperacion-al-desarrollo\\\/#primaryimage\"},\"thumbnailUrl\":\"https:\\\/\\\/www.unioviedo.es\\\/xixonsostenibilidad\\\/wp-content\\\/uploads\\\/2025\\\/04\\\/Asata.jpg\",\"keywords\":[\"Cooperaci\u00f3n\",\"econom\u00eda social\",\"Emprendimiento\"],\"articleSection\":[\"Conferencia\"],\"inLanguage\":\"es\"},{\"@type\":\"WebPage\",\"@id\":\"https:\\\/\\\/www.unioviedo.es\\\/xixonsostenibilidad\\\/index.php\\\/2025\\\/04\\\/23\\\/el-impacto-del-emprendimiento-en-la-cooperacion-al-desarrollo\\\/\",\"url\":\"https:\\\/\\\/www.unioviedo.es\\\/xixonsostenibilidad\\\/index.php\\\/2025\\\/04\\\/23\\\/el-impacto-del-emprendimiento-en-la-cooperacion-al-desarrollo\\\/\",\"name\":\"El impacto del emprendimiento en la cooperaci\u00f3n al desarrollo - C\u00e1tedra Milla del Conocimiento: Gij\u00f3n Sostenibilidad\",\"isPartOf\":{\"@id\":\"https:\\\/\\\/www.unioviedo.es\\\/xixonsostenibilidad\\\/#website\"},\"primaryImageOfPage\":{\"@id\":\"https:\\\/\\\/www.unioviedo.es\\\/xixonsostenibilidad\\\/index.php\\\/2025\\\/04\\\/23\\\/el-impacto-del-emprendimiento-en-la-cooperacion-al-desarrollo\\\/#primaryimage\"},\"image\":{\"@id\":\"https:\\\/\\\/www.unioviedo.es\\\/xixonsostenibilidad\\\/index.php\\\/2025\\\/04\\\/23\\\/el-impacto-del-emprendimiento-en-la-cooperacion-al-desarrollo\\\/#primaryimage\"},\"thumbnailUrl\":\"https:\\\/\\\/www.unioviedo.es\\\/xixonsostenibilidad\\\/wp-content\\\/uploads\\\/2025\\\/04\\\/Asata.jpg\",\"datePublished\":\"2025-04-23T09:25:39+00:00\",\"dateModified\":\"2025-04-23T14:22:05+00:00\",\"breadcrumb\":{\"@id\":\"https:\\\/\\\/www.unioviedo.es\\\/xixonsostenibilidad\\\/index.php\\\/2025\\\/04\\\/23\\\/el-impacto-del-emprendimiento-en-la-cooperacion-al-desarrollo\\\/#breadcrumb\"},\"inLanguage\":\"es\",\"potentialAction\":[{\"@type\":\"ReadAction\",\"target\":[\"https:\\\/\\\/www.unioviedo.es\\\/xixonsostenibilidad\\\/index.php\\\/2025\\\/04\\\/23\\\/el-impacto-del-emprendimiento-en-la-cooperacion-al-desarrollo\\\/\"]}]},{\"@type\":\"ImageObject\",\"inLanguage\":\"es\",\"@id\":\"https:\\\/\\\/www.unioviedo.es\\\/xixonsostenibilidad\\\/index.php\\\/2025\\\/04\\\/23\\\/el-impacto-del-emprendimiento-en-la-cooperacion-al-desarrollo\\\/#primaryimage\",\"url\":\"https:\\\/\\\/www.unioviedo.es\\\/xixonsostenibilidad\\\/wp-content\\\/uploads\\\/2025\\\/04\\\/Asata.jpg\",\"contentUrl\":\"https:\\\/\\\/www.unioviedo.es\\\/xixonsostenibilidad\\\/wp-content\\\/uploads\\\/2025\\\/04\\\/Asata.jpg\",\"width\":349,\"height\":494},{\"@type\":\"BreadcrumbList\",\"@id\":\"https:\\\/\\\/www.unioviedo.es\\\/xixonsostenibilidad\\\/index.php\\\/2025\\\/04\\\/23\\\/el-impacto-del-emprendimiento-en-la-cooperacion-al-desarrollo\\\/#breadcrumb\",\"itemListElement\":[{\"@type\":\"ListItem\",\"position\":1,\"name\":\"Portada\",\"item\":\"https:\\\/\\\/www.unioviedo.es\\\/xixonsostenibilidad\\\/\"},{\"@type\":\"ListItem\",\"position\":2,\"name\":\"El impacto del emprendimiento en la cooperaci\u00f3n al desarrollo\"}]},{\"@type\":\"WebSite\",\"@id\":\"https:\\\/\\\/www.unioviedo.es\\\/xixonsostenibilidad\\\/#website\",\"url\":\"https:\\\/\\\/www.unioviedo.es\\\/xixonsostenibilidad\\\/\",\"name\":\"C\u00e1tedra Milla del Conocimiento: Gij\u00f3n Sostenibilidad\",\"description\":\"Las actividades de la C\u00e1tedra est\u00e1n patrocinadas por el Ayuntamiento de Gij\u00f3n\\\/Xix\u00f3n y pretende convertirse en un espacio interdisciplinario, reflexivo y abierto que contribuya a reorientar la actividad econ\u00f3mica y empresarial hacia el desarrollo sostenible de nuestro entorno en general, y del turismo en particular\",\"publisher\":{\"@id\":\"https:\\\/\\\/www.unioviedo.es\\\/xixonsostenibilidad\\\/#organization\"},\"potentialAction\":[{\"@type\":\"SearchAction\",\"target\":{\"@type\":\"EntryPoint\",\"urlTemplate\":\"https:\\\/\\\/www.unioviedo.es\\\/xixonsostenibilidad\\\/?s={search_term_string}\"},\"query-input\":{\"@type\":\"PropertyValueSpecification\",\"valueRequired\":true,\"valueName\":\"search_term_string\"}}],\"inLanguage\":\"es\"},{\"@type\":\"Organization\",\"@id\":\"https:\\\/\\\/www.unioviedo.es\\\/xixonsostenibilidad\\\/#organization\",\"name\":\"Universidad de Oviedo\",\"url\":\"https:\\\/\\\/www.unioviedo.es\\\/xixonsostenibilidad\\\/\",\"logo\":{\"@type\":\"ImageObject\",\"inLanguage\":\"es\",\"@id\":\"https:\\\/\\\/www.unioviedo.es\\\/xixonsostenibilidad\\\/#\\\/schema\\\/logo\\\/image\\\/\",\"url\":\"https:\\\/\\\/www.unioviedo.es\\\/xixonsostenibilidad\\\/wp-content\\\/uploads\\\/2023\\\/09\\\/Lgo-uniovi-catedra.png\",\"contentUrl\":\"https:\\\/\\\/www.unioviedo.es\\\/xixonsostenibilidad\\\/wp-content\\\/uploads\\\/2023\\\/09\\\/Lgo-uniovi-catedra.png\",\"width\":1669,\"height\":531,\"caption\":\"Universidad de Oviedo\"},\"image\":{\"@id\":\"https:\\\/\\\/www.unioviedo.es\\\/xixonsostenibilidad\\\/#\\\/schema\\\/logo\\\/image\\\/\"},\"sameAs\":[\"https:\\\/\\\/www.linkedin.com\\\/company\\\/65406893\\\/admin\\\/feed\\\/posts\\\/\"]},{\"@type\":\"Person\",\"@id\":\"https:\\\/\\\/www.unioviedo.es\\\/xixonsostenibilidad\\\/#\\\/schema\\\/person\\\/00a8552266d1031c0a7fecbd5f96ca1e\",\"name\":\"admin\",\"image\":{\"@type\":\"ImageObject\",\"inLanguage\":\"es\",\"@id\":\"https:\\\/\\\/secure.gravatar.com\\\/avatar\\\/2c29db5f9b7a50233bfffa6f4312191702211b91cdd05c7492c45d19a66e2d45?s=96&d=mm&r=g\",\"url\":\"https:\\\/\\\/secure.gravatar.com\\\/avatar\\\/2c29db5f9b7a50233bfffa6f4312191702211b91cdd05c7492c45d19a66e2d45?s=96&d=mm&r=g\",\"contentUrl\":\"https:\\\/\\\/secure.gravatar.com\\\/avatar\\\/2c29db5f9b7a50233bfffa6f4312191702211b91cdd05c7492c45d19a66e2d45?s=96&d=mm&r=g\",\"caption\":\"admin\"}}]}<\/script>\n<!-- \/ Yoast SEO plugin. -->","yoast_head_json":{"title":"El impacto del emprendimiento en la cooperaci\u00f3n al desarrollo - C\u00e1tedra Milla del Conocimiento: Gij\u00f3n Sostenibilidad","robots":{"index":"index","follow":"follow","max-snippet":"max-snippet:-1","max-image-preview":"max-image-preview:large","max-video-preview":"max-video-preview:-1"},"canonical":"https:\/\/www.unioviedo.es\/xixonsostenibilidad\/index.php\/2025\/04\/23\/el-impacto-del-emprendimiento-en-la-cooperacion-al-desarrollo\/","og_locale":"es_ES","og_type":"article","og_title":"El impacto del emprendimiento en la cooperaci\u00f3n al desarrollo - C\u00e1tedra Milla del Conocimiento: Gij\u00f3n Sostenibilidad","og_description":"La Facultad de Comercio, Turismo y Ciencias Sociales, en colaboraci\u00f3n con la C\u00e1tedra Milla del Conocimiento Gij\u00f3n Sostenibilidad, acoge el pr\u00f3ximo martes 29 de abril a las 15 horas al conversatorio \u00abEl impacto del emprendimiento en la cooperaci\u00f3n al desarrollo\u201d. Tendr\u00e1 lugar en el Aula 012 y est\u00e1 organizado en el marco del proyecto \u201cMiradas [&hellip;]","og_url":"https:\/\/www.unioviedo.es\/xixonsostenibilidad\/index.php\/2025\/04\/23\/el-impacto-del-emprendimiento-en-la-cooperacion-al-desarrollo\/","og_site_name":"C\u00e1tedra Milla del Conocimiento: Gij\u00f3n Sostenibilidad","article_published_time":"2025-04-23T09:25:39+00:00","article_modified_time":"2025-04-23T14:22:05+00:00","og_image":[{"width":349,"height":494,"url":"http:\/\/www.unioviedo.es\/xixonsostenibilidad\/wp-content\/uploads\/2025\/04\/Asata.jpg","type":"image\/jpeg"}],"author":"admin","twitter_card":"summary_large_image","twitter_misc":{"Escrito por":"admin","Tiempo de lectura":"3 minutos"},"schema":{"@context":"https:\/\/schema.org","@graph":[{"@type":"Article","@id":"https:\/\/www.unioviedo.es\/xixonsostenibilidad\/index.php\/2025\/04\/23\/el-impacto-del-emprendimiento-en-la-cooperacion-al-desarrollo\/#article","isPartOf":{"@id":"https:\/\/www.unioviedo.es\/xixonsostenibilidad\/index.php\/2025\/04\/23\/el-impacto-del-emprendimiento-en-la-cooperacion-al-desarrollo\/"},"author":{"name":"admin","@id":"https:\/\/www.unioviedo.es\/xixonsostenibilidad\/#\/schema\/person\/00a8552266d1031c0a7fecbd5f96ca1e"},"headline":"El impacto del emprendimiento en la cooperaci\u00f3n al desarrollo","datePublished":"2025-04-23T09:25:39+00:00","dateModified":"2025-04-23T14:22:05+00:00","mainEntityOfPage":{"@id":"https:\/\/www.unioviedo.es\/xixonsostenibilidad\/index.php\/2025\/04\/23\/el-impacto-del-emprendimiento-en-la-cooperacion-al-desarrollo\/"},"wordCount":422,"publisher":{"@id":"https:\/\/www.unioviedo.es\/xixonsostenibilidad\/#organization"},"image":{"@id":"https:\/\/www.unioviedo.es\/xixonsostenibilidad\/index.php\/2025\/04\/23\/el-impacto-del-emprendimiento-en-la-cooperacion-al-desarrollo\/#primaryimage"},"thumbnailUrl":"https:\/\/www.unioviedo.es\/xixonsostenibilidad\/wp-content\/uploads\/2025\/04\/Asata.jpg","keywords":["Cooperaci\u00f3n","econom\u00eda social","Emprendimiento"],"articleSection":["Conferencia"],"inLanguage":"es"},{"@type":"WebPage","@id":"https:\/\/www.unioviedo.es\/xixonsostenibilidad\/index.php\/2025\/04\/23\/el-impacto-del-emprendimiento-en-la-cooperacion-al-desarrollo\/","url":"https:\/\/www.unioviedo.es\/xixonsostenibilidad\/index.php\/2025\/04\/23\/el-impacto-del-emprendimiento-en-la-cooperacion-al-desarrollo\/","name":"El impacto del emprendimiento en la cooperaci\u00f3n al desarrollo - C\u00e1tedra Milla del Conocimiento: Gij\u00f3n Sostenibilidad","isPartOf":{"@id":"https:\/\/www.unioviedo.es\/xixonsostenibilidad\/#website"},"primaryImageOfPage":{"@id":"https:\/\/www.unioviedo.es\/xixonsostenibilidad\/index.php\/2025\/04\/23\/el-impacto-del-emprendimiento-en-la-cooperacion-al-desarrollo\/#primaryimage"},"image":{"@id":"https:\/\/www.unioviedo.es\/xixonsostenibilidad\/index.php\/2025\/04\/23\/el-impacto-del-emprendimiento-en-la-cooperacion-al-desarrollo\/#primaryimage"},"thumbnailUrl":"https:\/\/www.unioviedo.es\/xixonsostenibilidad\/wp-content\/uploads\/2025\/04\/Asata.jpg","datePublished":"2025-04-23T09:25:39+00:00","dateModified":"2025-04-23T14:22:05+00:00","breadcrumb":{"@id":"https:\/\/www.unioviedo.es\/xixonsostenibilidad\/index.php\/2025\/04\/23\/el-impacto-del-emprendimiento-en-la-cooperacion-al-desarrollo\/#breadcrumb"},"inLanguage":"es","potentialAction":[{"@type":"ReadAction","target":["https:\/\/www.unioviedo.es\/xixonsostenibilidad\/index.php\/2025\/04\/23\/el-impacto-del-emprendimiento-en-la-cooperacion-al-desarrollo\/"]}]},{"@type":"ImageObject","inLanguage":"es","@id":"https:\/\/www.unioviedo.es\/xixonsostenibilidad\/index.php\/2025\/04\/23\/el-impacto-del-emprendimiento-en-la-cooperacion-al-desarrollo\/#primaryimage","url":"https:\/\/www.unioviedo.es\/xixonsostenibilidad\/wp-content\/uploads\/2025\/04\/Asata.jpg","contentUrl":"https:\/\/www.unioviedo.es\/xixonsostenibilidad\/wp-content\/uploads\/2025\/04\/Asata.jpg","width":349,"height":494},{"@type":"BreadcrumbList","@id":"https:\/\/www.unioviedo.es\/xixonsostenibilidad\/index.php\/2025\/04\/23\/el-impacto-del-emprendimiento-en-la-cooperacion-al-desarrollo\/#breadcrumb","itemListElement":[{"@type":"ListItem","position":1,"name":"Portada","item":"https:\/\/www.unioviedo.es\/xixonsostenibilidad\/"},{"@type":"ListItem","position":2,"name":"El impacto del emprendimiento en la cooperaci\u00f3n al desarrollo"}]},{"@type":"WebSite","@id":"https:\/\/www.unioviedo.es\/xixonsostenibilidad\/#website","url":"https:\/\/www.unioviedo.es\/xixonsostenibilidad\/","name":"C\u00e1tedra Milla del Conocimiento: Gij\u00f3n Sostenibilidad","description":"Las actividades de la C\u00e1tedra est\u00e1n patrocinadas por el Ayuntamiento de Gij\u00f3n\/Xix\u00f3n y pretende convertirse en un espacio interdisciplinario, reflexivo y abierto que contribuya a reorientar la actividad econ\u00f3mica y empresarial hacia el desarrollo sostenible de nuestro entorno en general, y del turismo en particular","publisher":{"@id":"https:\/\/www.unioviedo.es\/xixonsostenibilidad\/#organization"},"potentialAction":[{"@type":"SearchAction","target":{"@type":"EntryPoint","urlTemplate":"https:\/\/www.unioviedo.es\/xixonsostenibilidad\/?s={search_term_string}"},"query-input":{"@type":"PropertyValueSpecification","valueRequired":true,"valueName":"search_term_string"}}],"inLanguage":"es"},{"@type":"Organization","@id":"https:\/\/www.unioviedo.es\/xixonsostenibilidad\/#organization","name":"Universidad de Oviedo","url":"https:\/\/www.unioviedo.es\/xixonsostenibilidad\/","logo":{"@type":"ImageObject","inLanguage":"es","@id":"https:\/\/www.unioviedo.es\/xixonsostenibilidad\/#\/schema\/logo\/image\/","url":"https:\/\/www.unioviedo.es\/xixonsostenibilidad\/wp-content\/uploads\/2023\/09\/Lgo-uniovi-catedra.png","contentUrl":"https:\/\/www.unioviedo.es\/xixonsostenibilidad\/wp-content\/uploads\/2023\/09\/Lgo-uniovi-catedra.png","width":1669,"height":531,"caption":"Universidad de Oviedo"},"image":{"@id":"https:\/\/www.unioviedo.es\/xixonsostenibilidad\/#\/schema\/logo\/image\/"},"sameAs":["https:\/\/www.linkedin.com\/company\/65406893\/admin\/feed\/posts\/"]},{"@type":"Person","@id":"https:\/\/www.unioviedo.es\/xixonsostenibilidad\/#\/schema\/person\/00a8552266d1031c0a7fecbd5f96ca1e","name":"admin","image":{"@type":"ImageObject","inLanguage":"es","@id":"https:\/\/secure.gravatar.com\/avatar\/2c29db5f9b7a50233bfffa6f4312191702211b91cdd05c7492c45d19a66e2d45?s=96&d=mm&r=g","url":"https:\/\/secure.gravatar.com\/avatar\/2c29db5f9b7a50233bfffa6f4312191702211b91cdd05c7492c45d19a66e2d45?s=96&d=mm&r=g","contentUrl":"https:\/\/secure.gravatar.com\/avatar\/2c29db5f9b7a50233bfffa6f4312191702211b91cdd05c7492c45d19a66e2d45?s=96&d=mm&r=g","caption":"admin"}}]}},"_links":{"self":[{"href":"https:\/\/www.unioviedo.es\/xixonsostenibilidad\/index.php\/wp-json\/wp\/v2\/posts\/1305","targetHints":{"allow":["GET"]}}],"collection":[{"href":"https:\/\/www.unioviedo.es\/xixonsostenibilidad\/index.php\/wp-json\/wp\/v2\/posts"}],"about":[{"href":"https:\/\/www.unioviedo.es\/xixonsostenibilidad\/index.php\/wp-json\/wp\/v2\/types\/post"}],"author":[{"embeddable":true,"href":"https:\/\/www.unioviedo.es\/xixonsostenibilidad\/index.php\/wp-json\/wp\/v2\/users\/1"}],"replies":[{"embeddable":true,"href":"https:\/\/www.unioviedo.es\/xixonsostenibilidad\/index.php\/wp-json\/wp\/v2\/comments?post=1305"}],"version-history":[{"count":2,"href":"https:\/\/www.unioviedo.es\/xixonsostenibilidad\/index.php\/wp-json\/wp\/v2\/posts\/1305\/revisions"}],"predecessor-version":[{"id":1309,"href":"https:\/\/www.unioviedo.es\/xixonsostenibilidad\/index.php\/wp-json\/wp\/v2\/posts\/1305\/revisions\/1309"}],"wp:featuredmedia":[{"embeddable":true,"href":"https:\/\/www.unioviedo.es\/xixonsostenibilidad\/index.php\/wp-json\/wp\/v2\/media\/1306"}],"wp:attachment":[{"href":"https:\/\/www.unioviedo.es\/xixonsostenibilidad\/index.php\/wp-json\/wp\/v2\/media?parent=1305"}],"wp:term":[{"taxonomy":"category","embeddable":true,"href":"https:\/\/www.unioviedo.es\/xixonsostenibilidad\/index.php\/wp-json\/wp\/v2\/categories?post=1305"},{"taxonomy":"post_tag","embeddable":true,"href":"https:\/\/www.unioviedo.es\/xixonsostenibilidad\/index.php\/wp-json\/wp\/v2\/tags?post=1305"}],"curies":[{"name":"wp","href":"https:\/\/api.w.org\/{rel}","templated":true}]}}