{"id":433,"date":"2018-10-09T10:42:43","date_gmt":"2018-10-09T08:42:43","guid":{"rendered":"http:\/\/www.unioviedo.es\/xixonsostenibilidad\/?p=433"},"modified":"2019-10-11T16:20:46","modified_gmt":"2019-10-11T14:20:46","slug":"la-importancia-de-la-comunicacion-en-la-responsabilidad-social-de-la-empresa","status":"publish","type":"post","link":"https:\/\/www.unioviedo.es\/xixonsostenibilidad\/index.php\/2018\/10\/09\/la-importancia-de-la-comunicacion-en-la-responsabilidad-social-de-la-empresa\/","title":{"rendered":"La importancia de la comunicaci\u00f3n en la responsabilidad social de la empresa"},"content":{"rendered":"\n<h2 class=\"wp-block-heading\" style=\"text-align:center\">Lamentablemente, la persona invitada a causa de un accidente, no podr\u00e1 asistir y nos vemos obligados a cancelar el acto previsto<\/h2>\n\n\n\n<p class=\"wp-block-paragraph\">El pr\u00f3ximo 26 de octubre se celebrar\u00e1 en el paraninfo de la Facultad de Comercio, Turismo y Ciencias Sociales, Jovellanos una conferencia coloquio con D. Jordi Jauma (Editor de Diario Responsable) sobre la importancia de la comunicaci\u00f3n en la RSC de las empresas y conducida por&nbsp;D\u00aa. Marta L\u00f3pez Tejerina, periodista y responsable de comunicaci\u00f3n de la Fundaci\u00f3n Alimerka.<\/p>\n\n\n\n<p class=\"wp-block-paragraph\">Esta Conferencia se realiza gracias a la colaboraci\u00f3n institucional con la Fundaci\u00f3n Alimerka y los Premios Luis No\u00e9 Fern\u00e1ndez, que este a\u00f1o llegan a su novena edici\u00f3n.<br><\/p>\n\n\n\n<p class=\"wp-block-paragraph\">Contamos adem\u00e1s con la colaboraci\u00f3n de la Facultad de Comercio, Turismo y Ciencias Sociales Jovellanos de la Universidad de Oviedo y se celebrar\u00e1 en el paraninfo de la Laboral en Gij\u00f3n con asistencia libre.<\/p>\n\n\n\n<figure class=\"wp-block-image\"><img loading=\"lazy\" decoding=\"async\" width=\"1827\" height=\"2585\" src=\"https:\/\/www.unioviedo.es\/xixonsostenibilidad\/wp-content\/uploads\/2018\/10\/Cartel-2018-10-26_FAlimerka.jpg\" alt=\"\" class=\"wp-image-434\" srcset=\"https:\/\/www.unioviedo.es\/xixonsostenibilidad\/wp-content\/uploads\/2018\/10\/Cartel-2018-10-26_FAlimerka.jpg 1827w, https:\/\/www.unioviedo.es\/xixonsostenibilidad\/wp-content\/uploads\/2018\/10\/Cartel-2018-10-26_FAlimerka-212x300.jpg 212w, https:\/\/www.unioviedo.es\/xixonsostenibilidad\/wp-content\/uploads\/2018\/10\/Cartel-2018-10-26_FAlimerka-768x1087.jpg 768w, https:\/\/www.unioviedo.es\/xixonsostenibilidad\/wp-content\/uploads\/2018\/10\/Cartel-2018-10-26_FAlimerka-724x1024.jpg 724w\" sizes=\"auto, (max-width: 1827px) 100vw, 1827px\" \/><\/figure>\n\n\n\n<h2 class=\"wp-block-heading\">Cancelaci\u00f3n del acto<\/h2>\n","protected":false},"excerpt":{"rendered":"<p>Lamentablemente, la persona invitada a causa de un accidente, no podr\u00e1 asistir y nos vemos obligados a cancelar el acto previsto El pr\u00f3ximo 26 de octubre se celebrar\u00e1 en el paraninfo de la Facultad de Comercio, Turismo y Ciencias Sociales, Jovellanos una conferencia coloquio con D. Jordi Jauma (Editor de Diario Responsable) sobre la importancia [&hellip;]<\/p>\n","protected":false},"author":1,"featured_media":0,"comment_status":"closed","ping_status":"closed","sticky":false,"template":"","format":"standard","meta":{"_crdt_document":"","_exactmetrics_skip_tracking":false,"_exactmetrics_sitenote_active":false,"_exactmetrics_sitenote_note":"","_exactmetrics_sitenote_category":0,"footnotes":""},"categories":[16,27],"tags":[17],"class_list":["post-433","post","type-post","status-publish","format-standard","hentry","category-acto-academico","category-mesa-redonda","tag-rsc"],"yoast_head":"<!-- This site is optimized with the Yoast SEO plugin v27.5 - https:\/\/yoast.com\/product\/yoast-seo-wordpress\/ -->\n<title>La importancia de la comunicaci\u00f3n en la responsabilidad social de la empresa - C\u00e1tedra Milla del Conocimiento: Gij\u00f3n Sostenibilidad<\/title>\n<meta name=\"description\" content=\"Conferencia coloquio 26 de octubre que se celebrar\u00e1 en la Facultad de Comercio, Turismo y Ciencias Sociales, Jovellanos. Interviene D. Jordi Jauma (Editor de Diario Responsable) sobre la importancia de la comunicaci\u00f3n en la RSC de las empresas y conducida por D\u00aa. Marta L\u00f3pez Tejerina, periodista y responsable de comunicaci\u00f3n de la Fundaci\u00f3n Alimerka.\" \/>\n<meta name=\"robots\" content=\"index, follow, max-snippet:-1, max-image-preview:large, max-video-preview:-1\" \/>\n<link rel=\"canonical\" href=\"https:\/\/www.unioviedo.es\/xixonsostenibilidad\/index.php\/2018\/10\/09\/la-importancia-de-la-comunicacion-en-la-responsabilidad-social-de-la-empresa\/\" \/>\n<meta property=\"og:locale\" content=\"es_ES\" \/>\n<meta property=\"og:type\" content=\"article\" \/>\n<meta property=\"og:title\" content=\"La importancia de la comunicaci\u00f3n en la responsabilidad social de la empresa - C\u00e1tedra Milla del Conocimiento: Gij\u00f3n Sostenibilidad\" \/>\n<meta property=\"og:description\" content=\"Conferencia coloquio 26 de octubre que se celebrar\u00e1 en la Facultad de Comercio, Turismo y Ciencias Sociales, Jovellanos. Interviene D. Jordi Jauma (Editor de Diario Responsable) sobre la importancia de la comunicaci\u00f3n en la RSC de las empresas y conducida por D\u00aa. Marta L\u00f3pez Tejerina, periodista y responsable de comunicaci\u00f3n de la Fundaci\u00f3n Alimerka.\" \/>\n<meta property=\"og:url\" content=\"https:\/\/www.unioviedo.es\/xixonsostenibilidad\/index.php\/2018\/10\/09\/la-importancia-de-la-comunicacion-en-la-responsabilidad-social-de-la-empresa\/\" \/>\n<meta property=\"og:site_name\" content=\"C\u00e1tedra Milla del Conocimiento: Gij\u00f3n Sostenibilidad\" \/>\n<meta property=\"article:published_time\" content=\"2018-10-09T08:42:43+00:00\" \/>\n<meta property=\"article:modified_time\" content=\"2019-10-11T14:20:46+00:00\" \/>\n<meta property=\"og:image\" content=\"https:\/\/www.unioviedo.es\/xixonsostenibilidad\/wp-content\/uploads\/2018\/10\/Cartel-2018-10-26_FAlimerka.jpg\" \/>\n<meta name=\"author\" content=\"admin\" \/>\n<meta name=\"twitter:card\" content=\"summary_large_image\" \/>\n<meta name=\"twitter:label1\" content=\"Escrito por\" \/>\n\t<meta name=\"twitter:data1\" content=\"admin\" \/>\n\t<meta name=\"twitter:label2\" content=\"Tiempo de lectura\" \/>\n\t<meta name=\"twitter:data2\" content=\"1 minuto\" \/>\n<script type=\"application\/ld+json\" class=\"yoast-schema-graph\">{\"@context\":\"https:\\\/\\\/schema.org\",\"@graph\":[{\"@type\":\"Article\",\"@id\":\"https:\\\/\\\/www.unioviedo.es\\\/xixonsostenibilidad\\\/index.php\\\/2018\\\/10\\\/09\\\/la-importancia-de-la-comunicacion-en-la-responsabilidad-social-de-la-empresa\\\/#article\",\"isPartOf\":{\"@id\":\"https:\\\/\\\/www.unioviedo.es\\\/xixonsostenibilidad\\\/index.php\\\/2018\\\/10\\\/09\\\/la-importancia-de-la-comunicacion-en-la-responsabilidad-social-de-la-empresa\\\/\"},\"author\":{\"name\":\"admin\",\"@id\":\"https:\\\/\\\/www.unioviedo.es\\\/xixonsostenibilidad\\\/#\\\/schema\\\/person\\\/00a8552266d1031c0a7fecbd5f96ca1e\"},\"headline\":\"La importancia de la comunicaci\u00f3n en la responsabilidad social de la empresa\",\"datePublished\":\"2018-10-09T08:42:43+00:00\",\"dateModified\":\"2019-10-11T14:20:46+00:00\",\"mainEntityOfPage\":{\"@id\":\"https:\\\/\\\/www.unioviedo.es\\\/xixonsostenibilidad\\\/index.php\\\/2018\\\/10\\\/09\\\/la-importancia-de-la-comunicacion-en-la-responsabilidad-social-de-la-empresa\\\/\"},\"wordCount\":171,\"publisher\":{\"@id\":\"https:\\\/\\\/www.unioviedo.es\\\/xixonsostenibilidad\\\/#organization\"},\"image\":{\"@id\":\"https:\\\/\\\/www.unioviedo.es\\\/xixonsostenibilidad\\\/index.php\\\/2018\\\/10\\\/09\\\/la-importancia-de-la-comunicacion-en-la-responsabilidad-social-de-la-empresa\\\/#primaryimage\"},\"thumbnailUrl\":\"https:\\\/\\\/www.unioviedo.es\\\/xixonsostenibilidad\\\/wp-content\\\/uploads\\\/2018\\\/10\\\/Cartel-2018-10-26_FAlimerka.jpg\",\"keywords\":[\"RSC\"],\"articleSection\":[\"Acto Acad\u00e9mico\",\"Mesa Redonda\"],\"inLanguage\":\"es\"},{\"@type\":\"WebPage\",\"@id\":\"https:\\\/\\\/www.unioviedo.es\\\/xixonsostenibilidad\\\/index.php\\\/2018\\\/10\\\/09\\\/la-importancia-de-la-comunicacion-en-la-responsabilidad-social-de-la-empresa\\\/\",\"url\":\"https:\\\/\\\/www.unioviedo.es\\\/xixonsostenibilidad\\\/index.php\\\/2018\\\/10\\\/09\\\/la-importancia-de-la-comunicacion-en-la-responsabilidad-social-de-la-empresa\\\/\",\"name\":\"La importancia de la comunicaci\u00f3n en la responsabilidad social de la empresa - C\u00e1tedra Milla del Conocimiento: Gij\u00f3n Sostenibilidad\",\"isPartOf\":{\"@id\":\"https:\\\/\\\/www.unioviedo.es\\\/xixonsostenibilidad\\\/#website\"},\"primaryImageOfPage\":{\"@id\":\"https:\\\/\\\/www.unioviedo.es\\\/xixonsostenibilidad\\\/index.php\\\/2018\\\/10\\\/09\\\/la-importancia-de-la-comunicacion-en-la-responsabilidad-social-de-la-empresa\\\/#primaryimage\"},\"image\":{\"@id\":\"https:\\\/\\\/www.unioviedo.es\\\/xixonsostenibilidad\\\/index.php\\\/2018\\\/10\\\/09\\\/la-importancia-de-la-comunicacion-en-la-responsabilidad-social-de-la-empresa\\\/#primaryimage\"},\"thumbnailUrl\":\"https:\\\/\\\/www.unioviedo.es\\\/xixonsostenibilidad\\\/wp-content\\\/uploads\\\/2018\\\/10\\\/Cartel-2018-10-26_FAlimerka.jpg\",\"datePublished\":\"2018-10-09T08:42:43+00:00\",\"dateModified\":\"2019-10-11T14:20:46+00:00\",\"description\":\"Conferencia coloquio 26 de octubre que se celebrar\u00e1 en la Facultad de Comercio, Turismo y Ciencias Sociales, Jovellanos. Interviene D. Jordi Jauma (Editor de Diario Responsable) sobre la importancia de la comunicaci\u00f3n en la RSC de las empresas y conducida por D\u00aa. Marta L\u00f3pez Tejerina, periodista y responsable de comunicaci\u00f3n de la Fundaci\u00f3n Alimerka.\",\"breadcrumb\":{\"@id\":\"https:\\\/\\\/www.unioviedo.es\\\/xixonsostenibilidad\\\/index.php\\\/2018\\\/10\\\/09\\\/la-importancia-de-la-comunicacion-en-la-responsabilidad-social-de-la-empresa\\\/#breadcrumb\"},\"inLanguage\":\"es\",\"potentialAction\":[{\"@type\":\"ReadAction\",\"target\":[\"https:\\\/\\\/www.unioviedo.es\\\/xixonsostenibilidad\\\/index.php\\\/2018\\\/10\\\/09\\\/la-importancia-de-la-comunicacion-en-la-responsabilidad-social-de-la-empresa\\\/\"]}]},{\"@type\":\"ImageObject\",\"inLanguage\":\"es\",\"@id\":\"https:\\\/\\\/www.unioviedo.es\\\/xixonsostenibilidad\\\/index.php\\\/2018\\\/10\\\/09\\\/la-importancia-de-la-comunicacion-en-la-responsabilidad-social-de-la-empresa\\\/#primaryimage\",\"url\":\"https:\\\/\\\/www.unioviedo.es\\\/xixonsostenibilidad\\\/wp-content\\\/uploads\\\/2018\\\/10\\\/Cartel-2018-10-26_FAlimerka.jpg\",\"contentUrl\":\"https:\\\/\\\/www.unioviedo.es\\\/xixonsostenibilidad\\\/wp-content\\\/uploads\\\/2018\\\/10\\\/Cartel-2018-10-26_FAlimerka.jpg\",\"width\":1827,\"height\":2585},{\"@type\":\"BreadcrumbList\",\"@id\":\"https:\\\/\\\/www.unioviedo.es\\\/xixonsostenibilidad\\\/index.php\\\/2018\\\/10\\\/09\\\/la-importancia-de-la-comunicacion-en-la-responsabilidad-social-de-la-empresa\\\/#breadcrumb\",\"itemListElement\":[{\"@type\":\"ListItem\",\"position\":1,\"name\":\"Portada\",\"item\":\"https:\\\/\\\/www.unioviedo.es\\\/xixonsostenibilidad\\\/\"},{\"@type\":\"ListItem\",\"position\":2,\"name\":\"La importancia de la comunicaci\u00f3n en la responsabilidad social de la empresa\"}]},{\"@type\":\"WebSite\",\"@id\":\"https:\\\/\\\/www.unioviedo.es\\\/xixonsostenibilidad\\\/#website\",\"url\":\"https:\\\/\\\/www.unioviedo.es\\\/xixonsostenibilidad\\\/\",\"name\":\"C\u00e1tedra Milla del Conocimiento: Gij\u00f3n Sostenibilidad\",\"description\":\"Las actividades de la C\u00e1tedra est\u00e1n patrocinadas por el Ayuntamiento de Gij\u00f3n\\\/Xix\u00f3n y pretende convertirse en un espacio interdisciplinario, reflexivo y abierto que contribuya a reorientar la actividad econ\u00f3mica y empresarial hacia el desarrollo sostenible de nuestro entorno en general, y del turismo en particular\",\"publisher\":{\"@id\":\"https:\\\/\\\/www.unioviedo.es\\\/xixonsostenibilidad\\\/#organization\"},\"potentialAction\":[{\"@type\":\"SearchAction\",\"target\":{\"@type\":\"EntryPoint\",\"urlTemplate\":\"https:\\\/\\\/www.unioviedo.es\\\/xixonsostenibilidad\\\/?s={search_term_string}\"},\"query-input\":{\"@type\":\"PropertyValueSpecification\",\"valueRequired\":true,\"valueName\":\"search_term_string\"}}],\"inLanguage\":\"es\"},{\"@type\":\"Organization\",\"@id\":\"https:\\\/\\\/www.unioviedo.es\\\/xixonsostenibilidad\\\/#organization\",\"name\":\"Universidad de Oviedo\",\"url\":\"https:\\\/\\\/www.unioviedo.es\\\/xixonsostenibilidad\\\/\",\"logo\":{\"@type\":\"ImageObject\",\"inLanguage\":\"es\",\"@id\":\"https:\\\/\\\/www.unioviedo.es\\\/xixonsostenibilidad\\\/#\\\/schema\\\/logo\\\/image\\\/\",\"url\":\"https:\\\/\\\/www.unioviedo.es\\\/xixonsostenibilidad\\\/wp-content\\\/uploads\\\/2023\\\/09\\\/Lgo-uniovi-catedra.png\",\"contentUrl\":\"https:\\\/\\\/www.unioviedo.es\\\/xixonsostenibilidad\\\/wp-content\\\/uploads\\\/2023\\\/09\\\/Lgo-uniovi-catedra.png\",\"width\":1669,\"height\":531,\"caption\":\"Universidad de Oviedo\"},\"image\":{\"@id\":\"https:\\\/\\\/www.unioviedo.es\\\/xixonsostenibilidad\\\/#\\\/schema\\\/logo\\\/image\\\/\"},\"sameAs\":[\"https:\\\/\\\/www.linkedin.com\\\/company\\\/65406893\\\/admin\\\/feed\\\/posts\\\/\"]},{\"@type\":\"Person\",\"@id\":\"https:\\\/\\\/www.unioviedo.es\\\/xixonsostenibilidad\\\/#\\\/schema\\\/person\\\/00a8552266d1031c0a7fecbd5f96ca1e\",\"name\":\"admin\",\"image\":{\"@type\":\"ImageObject\",\"inLanguage\":\"es\",\"@id\":\"https:\\\/\\\/secure.gravatar.com\\\/avatar\\\/2c29db5f9b7a50233bfffa6f4312191702211b91cdd05c7492c45d19a66e2d45?s=96&d=mm&r=g\",\"url\":\"https:\\\/\\\/secure.gravatar.com\\\/avatar\\\/2c29db5f9b7a50233bfffa6f4312191702211b91cdd05c7492c45d19a66e2d45?s=96&d=mm&r=g\",\"contentUrl\":\"https:\\\/\\\/secure.gravatar.com\\\/avatar\\\/2c29db5f9b7a50233bfffa6f4312191702211b91cdd05c7492c45d19a66e2d45?s=96&d=mm&r=g\",\"caption\":\"admin\"}}]}<\/script>\n<!-- \/ Yoast SEO plugin. -->","yoast_head_json":{"title":"La importancia de la comunicaci\u00f3n en la responsabilidad social de la empresa - C\u00e1tedra Milla del Conocimiento: Gij\u00f3n Sostenibilidad","description":"Conferencia coloquio 26 de octubre que se celebrar\u00e1 en la Facultad de Comercio, Turismo y Ciencias Sociales, Jovellanos. Interviene D. Jordi Jauma (Editor de Diario Responsable) sobre la importancia de la comunicaci\u00f3n en la RSC de las empresas y conducida por D\u00aa. Marta L\u00f3pez Tejerina, periodista y responsable de comunicaci\u00f3n de la Fundaci\u00f3n Alimerka.","robots":{"index":"index","follow":"follow","max-snippet":"max-snippet:-1","max-image-preview":"max-image-preview:large","max-video-preview":"max-video-preview:-1"},"canonical":"https:\/\/www.unioviedo.es\/xixonsostenibilidad\/index.php\/2018\/10\/09\/la-importancia-de-la-comunicacion-en-la-responsabilidad-social-de-la-empresa\/","og_locale":"es_ES","og_type":"article","og_title":"La importancia de la comunicaci\u00f3n en la responsabilidad social de la empresa - C\u00e1tedra Milla del Conocimiento: Gij\u00f3n Sostenibilidad","og_description":"Conferencia coloquio 26 de octubre que se celebrar\u00e1 en la Facultad de Comercio, Turismo y Ciencias Sociales, Jovellanos. Interviene D. Jordi Jauma (Editor de Diario Responsable) sobre la importancia de la comunicaci\u00f3n en la RSC de las empresas y conducida por D\u00aa. Marta L\u00f3pez Tejerina, periodista y responsable de comunicaci\u00f3n de la Fundaci\u00f3n Alimerka.","og_url":"https:\/\/www.unioviedo.es\/xixonsostenibilidad\/index.php\/2018\/10\/09\/la-importancia-de-la-comunicacion-en-la-responsabilidad-social-de-la-empresa\/","og_site_name":"C\u00e1tedra Milla del Conocimiento: Gij\u00f3n Sostenibilidad","article_published_time":"2018-10-09T08:42:43+00:00","article_modified_time":"2019-10-11T14:20:46+00:00","og_image":[{"url":"https:\/\/www.unioviedo.es\/xixonsostenibilidad\/wp-content\/uploads\/2018\/10\/Cartel-2018-10-26_FAlimerka.jpg","type":"","width":"","height":""}],"author":"admin","twitter_card":"summary_large_image","twitter_misc":{"Escrito por":"admin","Tiempo de lectura":"1 minuto"},"schema":{"@context":"https:\/\/schema.org","@graph":[{"@type":"Article","@id":"https:\/\/www.unioviedo.es\/xixonsostenibilidad\/index.php\/2018\/10\/09\/la-importancia-de-la-comunicacion-en-la-responsabilidad-social-de-la-empresa\/#article","isPartOf":{"@id":"https:\/\/www.unioviedo.es\/xixonsostenibilidad\/index.php\/2018\/10\/09\/la-importancia-de-la-comunicacion-en-la-responsabilidad-social-de-la-empresa\/"},"author":{"name":"admin","@id":"https:\/\/www.unioviedo.es\/xixonsostenibilidad\/#\/schema\/person\/00a8552266d1031c0a7fecbd5f96ca1e"},"headline":"La importancia de la comunicaci\u00f3n en la responsabilidad social de la empresa","datePublished":"2018-10-09T08:42:43+00:00","dateModified":"2019-10-11T14:20:46+00:00","mainEntityOfPage":{"@id":"https:\/\/www.unioviedo.es\/xixonsostenibilidad\/index.php\/2018\/10\/09\/la-importancia-de-la-comunicacion-en-la-responsabilidad-social-de-la-empresa\/"},"wordCount":171,"publisher":{"@id":"https:\/\/www.unioviedo.es\/xixonsostenibilidad\/#organization"},"image":{"@id":"https:\/\/www.unioviedo.es\/xixonsostenibilidad\/index.php\/2018\/10\/09\/la-importancia-de-la-comunicacion-en-la-responsabilidad-social-de-la-empresa\/#primaryimage"},"thumbnailUrl":"https:\/\/www.unioviedo.es\/xixonsostenibilidad\/wp-content\/uploads\/2018\/10\/Cartel-2018-10-26_FAlimerka.jpg","keywords":["RSC"],"articleSection":["Acto Acad\u00e9mico","Mesa Redonda"],"inLanguage":"es"},{"@type":"WebPage","@id":"https:\/\/www.unioviedo.es\/xixonsostenibilidad\/index.php\/2018\/10\/09\/la-importancia-de-la-comunicacion-en-la-responsabilidad-social-de-la-empresa\/","url":"https:\/\/www.unioviedo.es\/xixonsostenibilidad\/index.php\/2018\/10\/09\/la-importancia-de-la-comunicacion-en-la-responsabilidad-social-de-la-empresa\/","name":"La importancia de la comunicaci\u00f3n en la responsabilidad social de la empresa - C\u00e1tedra Milla del Conocimiento: Gij\u00f3n Sostenibilidad","isPartOf":{"@id":"https:\/\/www.unioviedo.es\/xixonsostenibilidad\/#website"},"primaryImageOfPage":{"@id":"https:\/\/www.unioviedo.es\/xixonsostenibilidad\/index.php\/2018\/10\/09\/la-importancia-de-la-comunicacion-en-la-responsabilidad-social-de-la-empresa\/#primaryimage"},"image":{"@id":"https:\/\/www.unioviedo.es\/xixonsostenibilidad\/index.php\/2018\/10\/09\/la-importancia-de-la-comunicacion-en-la-responsabilidad-social-de-la-empresa\/#primaryimage"},"thumbnailUrl":"https:\/\/www.unioviedo.es\/xixonsostenibilidad\/wp-content\/uploads\/2018\/10\/Cartel-2018-10-26_FAlimerka.jpg","datePublished":"2018-10-09T08:42:43+00:00","dateModified":"2019-10-11T14:20:46+00:00","description":"Conferencia coloquio 26 de octubre que se celebrar\u00e1 en la Facultad de Comercio, Turismo y Ciencias Sociales, Jovellanos. Interviene D. Jordi Jauma (Editor de Diario Responsable) sobre la importancia de la comunicaci\u00f3n en la RSC de las empresas y conducida por D\u00aa. Marta L\u00f3pez Tejerina, periodista y responsable de comunicaci\u00f3n de la Fundaci\u00f3n Alimerka.","breadcrumb":{"@id":"https:\/\/www.unioviedo.es\/xixonsostenibilidad\/index.php\/2018\/10\/09\/la-importancia-de-la-comunicacion-en-la-responsabilidad-social-de-la-empresa\/#breadcrumb"},"inLanguage":"es","potentialAction":[{"@type":"ReadAction","target":["https:\/\/www.unioviedo.es\/xixonsostenibilidad\/index.php\/2018\/10\/09\/la-importancia-de-la-comunicacion-en-la-responsabilidad-social-de-la-empresa\/"]}]},{"@type":"ImageObject","inLanguage":"es","@id":"https:\/\/www.unioviedo.es\/xixonsostenibilidad\/index.php\/2018\/10\/09\/la-importancia-de-la-comunicacion-en-la-responsabilidad-social-de-la-empresa\/#primaryimage","url":"https:\/\/www.unioviedo.es\/xixonsostenibilidad\/wp-content\/uploads\/2018\/10\/Cartel-2018-10-26_FAlimerka.jpg","contentUrl":"https:\/\/www.unioviedo.es\/xixonsostenibilidad\/wp-content\/uploads\/2018\/10\/Cartel-2018-10-26_FAlimerka.jpg","width":1827,"height":2585},{"@type":"BreadcrumbList","@id":"https:\/\/www.unioviedo.es\/xixonsostenibilidad\/index.php\/2018\/10\/09\/la-importancia-de-la-comunicacion-en-la-responsabilidad-social-de-la-empresa\/#breadcrumb","itemListElement":[{"@type":"ListItem","position":1,"name":"Portada","item":"https:\/\/www.unioviedo.es\/xixonsostenibilidad\/"},{"@type":"ListItem","position":2,"name":"La importancia de la comunicaci\u00f3n en la responsabilidad social de la empresa"}]},{"@type":"WebSite","@id":"https:\/\/www.unioviedo.es\/xixonsostenibilidad\/#website","url":"https:\/\/www.unioviedo.es\/xixonsostenibilidad\/","name":"C\u00e1tedra Milla del Conocimiento: Gij\u00f3n Sostenibilidad","description":"Las actividades de la C\u00e1tedra est\u00e1n patrocinadas por el Ayuntamiento de Gij\u00f3n\/Xix\u00f3n y pretende convertirse en un espacio interdisciplinario, reflexivo y abierto que contribuya a reorientar la actividad econ\u00f3mica y empresarial hacia el desarrollo sostenible de nuestro entorno en general, y del turismo en particular","publisher":{"@id":"https:\/\/www.unioviedo.es\/xixonsostenibilidad\/#organization"},"potentialAction":[{"@type":"SearchAction","target":{"@type":"EntryPoint","urlTemplate":"https:\/\/www.unioviedo.es\/xixonsostenibilidad\/?s={search_term_string}"},"query-input":{"@type":"PropertyValueSpecification","valueRequired":true,"valueName":"search_term_string"}}],"inLanguage":"es"},{"@type":"Organization","@id":"https:\/\/www.unioviedo.es\/xixonsostenibilidad\/#organization","name":"Universidad de Oviedo","url":"https:\/\/www.unioviedo.es\/xixonsostenibilidad\/","logo":{"@type":"ImageObject","inLanguage":"es","@id":"https:\/\/www.unioviedo.es\/xixonsostenibilidad\/#\/schema\/logo\/image\/","url":"https:\/\/www.unioviedo.es\/xixonsostenibilidad\/wp-content\/uploads\/2023\/09\/Lgo-uniovi-catedra.png","contentUrl":"https:\/\/www.unioviedo.es\/xixonsostenibilidad\/wp-content\/uploads\/2023\/09\/Lgo-uniovi-catedra.png","width":1669,"height":531,"caption":"Universidad de Oviedo"},"image":{"@id":"https:\/\/www.unioviedo.es\/xixonsostenibilidad\/#\/schema\/logo\/image\/"},"sameAs":["https:\/\/www.linkedin.com\/company\/65406893\/admin\/feed\/posts\/"]},{"@type":"Person","@id":"https:\/\/www.unioviedo.es\/xixonsostenibilidad\/#\/schema\/person\/00a8552266d1031c0a7fecbd5f96ca1e","name":"admin","image":{"@type":"ImageObject","inLanguage":"es","@id":"https:\/\/secure.gravatar.com\/avatar\/2c29db5f9b7a50233bfffa6f4312191702211b91cdd05c7492c45d19a66e2d45?s=96&d=mm&r=g","url":"https:\/\/secure.gravatar.com\/avatar\/2c29db5f9b7a50233bfffa6f4312191702211b91cdd05c7492c45d19a66e2d45?s=96&d=mm&r=g","contentUrl":"https:\/\/secure.gravatar.com\/avatar\/2c29db5f9b7a50233bfffa6f4312191702211b91cdd05c7492c45d19a66e2d45?s=96&d=mm&r=g","caption":"admin"}}]}},"_links":{"self":[{"href":"https:\/\/www.unioviedo.es\/xixonsostenibilidad\/index.php\/wp-json\/wp\/v2\/posts\/433","targetHints":{"allow":["GET"]}}],"collection":[{"href":"https:\/\/www.unioviedo.es\/xixonsostenibilidad\/index.php\/wp-json\/wp\/v2\/posts"}],"about":[{"href":"https:\/\/www.unioviedo.es\/xixonsostenibilidad\/index.php\/wp-json\/wp\/v2\/types\/post"}],"author":[{"embeddable":true,"href":"https:\/\/www.unioviedo.es\/xixonsostenibilidad\/index.php\/wp-json\/wp\/v2\/users\/1"}],"replies":[{"embeddable":true,"href":"https:\/\/www.unioviedo.es\/xixonsostenibilidad\/index.php\/wp-json\/wp\/v2\/comments?post=433"}],"version-history":[{"count":3,"href":"https:\/\/www.unioviedo.es\/xixonsostenibilidad\/index.php\/wp-json\/wp\/v2\/posts\/433\/revisions"}],"predecessor-version":[{"id":461,"href":"https:\/\/www.unioviedo.es\/xixonsostenibilidad\/index.php\/wp-json\/wp\/v2\/posts\/433\/revisions\/461"}],"wp:attachment":[{"href":"https:\/\/www.unioviedo.es\/xixonsostenibilidad\/index.php\/wp-json\/wp\/v2\/media?parent=433"}],"wp:term":[{"taxonomy":"category","embeddable":true,"href":"https:\/\/www.unioviedo.es\/xixonsostenibilidad\/index.php\/wp-json\/wp\/v2\/categories?post=433"},{"taxonomy":"post_tag","embeddable":true,"href":"https:\/\/www.unioviedo.es\/xixonsostenibilidad\/index.php\/wp-json\/wp\/v2\/tags?post=433"}],"curies":[{"name":"wp","href":"https:\/\/api.w.org\/{rel}","templated":true}]}}