{"id":453,"date":"2018-10-31T10:04:29","date_gmt":"2018-10-31T09:04:29","guid":{"rendered":"http:\/\/www.unioviedo.es\/xixonsostenibilidad\/?p=453"},"modified":"2018-10-31T10:35:38","modified_gmt":"2018-10-31T09:35:38","slug":"jornada-sobre-el-nuevo-periodo-de-financiacion-europea-2021-2027-la-agenda-urbana-y-los-objetivos-de-desarrollo-sostenible-para-las-ciudades","status":"publish","type":"post","link":"https:\/\/www.unioviedo.es\/xixonsostenibilidad\/index.php\/2018\/10\/31\/jornada-sobre-el-nuevo-periodo-de-financiacion-europea-2021-2027-la-agenda-urbana-y-los-objetivos-de-desarrollo-sostenible-para-las-ciudades\/","title":{"rendered":"Jornada sobre \u00abEl nuevo periodo de financiaci\u00f3n europea (2021-2027). La Agenda Urbana y los Objetivos de Desarrollo Sostenible para las ciudades\u00bb"},"content":{"rendered":"\n<p class=\"wp-block-paragraph\">\n\nLa C\u00e1tedra Milla del Conocimiento Xix\u00f3n Sostenibilidad, en colaboraci\u00f3n con el Ayuntamiento de Gij\u00f3n y la Facultad de Comercio, Turismo y Ciencias Sociales \u201cJovellanos\u201d, organizan el pr\u00f3ximo 13 de noviembre a las 9.30 horas, en el Paraninfo de la Facultad, la Jornada: \u201cEl nuevo periodo de financiaci\u00f3n europea (2021-2027). La Agenda Urbana y los Objetivos de Desarrollo Sostenible para las ciudades\u00bb.\n\n<\/p>\n\n\n\n<p class=\"wp-block-paragraph\">Intervienen:<\/p>\n\n\n\n<p class=\"wp-block-paragraph\"><\/p>\n\n\n\n<ul class=\"wp-block-list\"><li>D. Enrique Rodr\u00edguez Mart\u00edn<br>Jefe Departamento Asuntos Europeos. Ayuntamiento de Gij\u00f3n<\/li><li>D\u00aa. Mar\u00eda Rosario Alonso Ib\u00e1\u00f1ez<br>Catedr\u00e1tica de Derecho Administrativo. Universidad de Oviedo&nbsp; <\/li><li>D\u00aa. Sonia Hern\u00e1ndez Partal <br>Subdirectora General Ajunta de Pol\u00edticas Urbanas. Ministerio de Fomento<\/li><li>D. Jon Aguirre Such<br>Punto Nacional URBACT <br><\/li><li> D. Joan Chic\u00f3n Vallejo <br>Jefe de Servicio de Relaciones Europeas e Internacionales. Ayuntamiento de Terrassa <\/li><li>D\u00aa. Mar\u00eda Luisa G\u00f3mez Jim\u00e9nez <br>Profesora Titular de Derecho Administrativo. Universidad de M\u00e1laga<\/li><li>D. Martin Fern\u00e1ndez Prado <br>Codirector cient\u00edfico de la Agenda Urbana del Eixo Atl\u00e1ntico. Universidad de A Coru\u00f1a <\/li><\/ul>\n\n\n\n<figure class=\"wp-block-image\"><img loading=\"lazy\" decoding=\"async\" width=\"2573\" height=\"1819\" src=\"https:\/\/www.unioviedo.es\/xixonsostenibilidad\/wp-content\/uploads\/2018\/10\/CARTELJORNADA-Agenda-Urbana-yODS-ciudades-2018-11-13.jpg\" alt=\"\" class=\"wp-image-454\" srcset=\"https:\/\/www.unioviedo.es\/xixonsostenibilidad\/wp-content\/uploads\/2018\/10\/CARTELJORNADA-Agenda-Urbana-yODS-ciudades-2018-11-13.jpg 2573w, https:\/\/www.unioviedo.es\/xixonsostenibilidad\/wp-content\/uploads\/2018\/10\/CARTELJORNADA-Agenda-Urbana-yODS-ciudades-2018-11-13-300x212.jpg 300w, https:\/\/www.unioviedo.es\/xixonsostenibilidad\/wp-content\/uploads\/2018\/10\/CARTELJORNADA-Agenda-Urbana-yODS-ciudades-2018-11-13-768x543.jpg 768w, https:\/\/www.unioviedo.es\/xixonsostenibilidad\/wp-content\/uploads\/2018\/10\/CARTELJORNADA-Agenda-Urbana-yODS-ciudades-2018-11-13-1024x724.jpg 1024w\" sizes=\"auto, (max-width: 2573px) 100vw, 2573px\" \/><\/figure>\n","protected":false},"excerpt":{"rendered":"<p>Jornada sobre El nuevo periodo de financiaci\u00f3n europea (2021-2027), La Agenda Urbana y los Objetivos de Desarrollo Sostenible para las ciudades<\/p>\n","protected":false},"author":1,"featured_media":454,"comment_status":"closed","ping_status":"closed","sticky":false,"template":"","format":"standard","meta":{"_crdt_document":"","_exactmetrics_skip_tracking":false,"_exactmetrics_sitenote_active":false,"_exactmetrics_sitenote_note":"","_exactmetrics_sitenote_category":0,"footnotes":""},"categories":[16,26],"tags":[21,22,24,20,23,25],"class_list":["post-453","post","type-post","status-publish","format-standard","has-post-thumbnail","hentry","category-acto-academico","category-jornada","tag-2021-2027","tag-agenda-urbana","tag-ciudades","tag-financiacion","tag-ods","tag-urban"],"yoast_head":"<!-- This site is optimized with the Yoast SEO plugin v27.5 - https:\/\/yoast.com\/product\/yoast-seo-wordpress\/ -->\n<title>Jornada sobre &quot;El nuevo periodo de financiaci\u00f3n europea (2021-2027). La Agenda Urbana y los Objetivos de Desarrollo Sostenible para las ciudades&quot; - C\u00e1tedra Milla del Conocimiento: Gij\u00f3n Sostenibilidad<\/title>\n<meta name=\"robots\" content=\"index, follow, max-snippet:-1, max-image-preview:large, max-video-preview:-1\" \/>\n<link rel=\"canonical\" href=\"https:\/\/www.unioviedo.es\/xixonsostenibilidad\/index.php\/2018\/10\/31\/jornada-sobre-el-nuevo-periodo-de-financiacion-europea-2021-2027-la-agenda-urbana-y-los-objetivos-de-desarrollo-sostenible-para-las-ciudades\/\" \/>\n<meta property=\"og:locale\" content=\"es_ES\" \/>\n<meta property=\"og:type\" content=\"article\" \/>\n<meta property=\"og:title\" content=\"Jornada sobre &quot;El nuevo periodo de financiaci\u00f3n europea (2021-2027). La Agenda Urbana y los Objetivos de Desarrollo Sostenible para las ciudades&quot; - C\u00e1tedra Milla del Conocimiento: Gij\u00f3n Sostenibilidad\" \/>\n<meta property=\"og:description\" content=\"Jornada sobre El nuevo periodo de financiaci\u00f3n europea (2021-2027), La Agenda Urbana y los Objetivos de Desarrollo Sostenible para las ciudades\" \/>\n<meta property=\"og:url\" content=\"https:\/\/www.unioviedo.es\/xixonsostenibilidad\/index.php\/2018\/10\/31\/jornada-sobre-el-nuevo-periodo-de-financiacion-europea-2021-2027-la-agenda-urbana-y-los-objetivos-de-desarrollo-sostenible-para-las-ciudades\/\" \/>\n<meta property=\"og:site_name\" content=\"C\u00e1tedra Milla del Conocimiento: Gij\u00f3n Sostenibilidad\" \/>\n<meta property=\"article:published_time\" content=\"2018-10-31T09:04:29+00:00\" \/>\n<meta property=\"article:modified_time\" content=\"2018-10-31T09:35:38+00:00\" \/>\n<meta property=\"og:image\" content=\"https:\/\/www.unioviedo.es\/xixonsostenibilidad\/wp-content\/uploads\/2018\/10\/CARTELJORNADA-Agenda-Urbana-yODS-ciudades-2018-11-13.jpg\" \/>\n\t<meta property=\"og:image:width\" content=\"2573\" \/>\n\t<meta property=\"og:image:height\" content=\"1819\" \/>\n\t<meta property=\"og:image:type\" content=\"image\/jpeg\" \/>\n<meta name=\"author\" content=\"admin\" \/>\n<meta name=\"twitter:card\" content=\"summary_large_image\" \/>\n<meta name=\"twitter:label1\" content=\"Escrito por\" \/>\n\t<meta name=\"twitter:data1\" content=\"admin\" \/>\n\t<meta name=\"twitter:label2\" content=\"Tiempo de lectura\" \/>\n\t<meta name=\"twitter:data2\" content=\"1 minuto\" \/>\n<script type=\"application\/ld+json\" class=\"yoast-schema-graph\">{\"@context\":\"https:\\\/\\\/schema.org\",\"@graph\":[{\"@type\":\"Article\",\"@id\":\"https:\\\/\\\/www.unioviedo.es\\\/xixonsostenibilidad\\\/index.php\\\/2018\\\/10\\\/31\\\/jornada-sobre-el-nuevo-periodo-de-financiacion-europea-2021-2027-la-agenda-urbana-y-los-objetivos-de-desarrollo-sostenible-para-las-ciudades\\\/#article\",\"isPartOf\":{\"@id\":\"https:\\\/\\\/www.unioviedo.es\\\/xixonsostenibilidad\\\/index.php\\\/2018\\\/10\\\/31\\\/jornada-sobre-el-nuevo-periodo-de-financiacion-europea-2021-2027-la-agenda-urbana-y-los-objetivos-de-desarrollo-sostenible-para-las-ciudades\\\/\"},\"author\":{\"name\":\"admin\",\"@id\":\"https:\\\/\\\/www.unioviedo.es\\\/xixonsostenibilidad\\\/#\\\/schema\\\/person\\\/00a8552266d1031c0a7fecbd5f96ca1e\"},\"headline\":\"Jornada sobre \u00abEl nuevo periodo de financiaci\u00f3n europea (2021-2027). La Agenda Urbana y los Objetivos de Desarrollo Sostenible para las ciudades\u00bb\",\"datePublished\":\"2018-10-31T09:04:29+00:00\",\"dateModified\":\"2018-10-31T09:35:38+00:00\",\"mainEntityOfPage\":{\"@id\":\"https:\\\/\\\/www.unioviedo.es\\\/xixonsostenibilidad\\\/index.php\\\/2018\\\/10\\\/31\\\/jornada-sobre-el-nuevo-periodo-de-financiacion-europea-2021-2027-la-agenda-urbana-y-los-objetivos-de-desarrollo-sostenible-para-las-ciudades\\\/\"},\"wordCount\":191,\"publisher\":{\"@id\":\"https:\\\/\\\/www.unioviedo.es\\\/xixonsostenibilidad\\\/#organization\"},\"image\":{\"@id\":\"https:\\\/\\\/www.unioviedo.es\\\/xixonsostenibilidad\\\/index.php\\\/2018\\\/10\\\/31\\\/jornada-sobre-el-nuevo-periodo-de-financiacion-europea-2021-2027-la-agenda-urbana-y-los-objetivos-de-desarrollo-sostenible-para-las-ciudades\\\/#primaryimage\"},\"thumbnailUrl\":\"https:\\\/\\\/www.unioviedo.es\\\/xixonsostenibilidad\\\/wp-content\\\/uploads\\\/2018\\\/10\\\/CARTELJORNADA-Agenda-Urbana-yODS-ciudades-2018-11-13.jpg\",\"keywords\":[\"2021-2027\",\"Agenda urbana\",\"Ciudades\",\"Financiaci\u00f3n\",\"ODS\",\"Urban\"],\"articleSection\":[\"Acto Acad\u00e9mico\",\"Jornada\"],\"inLanguage\":\"es\"},{\"@type\":\"WebPage\",\"@id\":\"https:\\\/\\\/www.unioviedo.es\\\/xixonsostenibilidad\\\/index.php\\\/2018\\\/10\\\/31\\\/jornada-sobre-el-nuevo-periodo-de-financiacion-europea-2021-2027-la-agenda-urbana-y-los-objetivos-de-desarrollo-sostenible-para-las-ciudades\\\/\",\"url\":\"https:\\\/\\\/www.unioviedo.es\\\/xixonsostenibilidad\\\/index.php\\\/2018\\\/10\\\/31\\\/jornada-sobre-el-nuevo-periodo-de-financiacion-europea-2021-2027-la-agenda-urbana-y-los-objetivos-de-desarrollo-sostenible-para-las-ciudades\\\/\",\"name\":\"Jornada sobre \\\"El nuevo periodo de financiaci\u00f3n europea (2021-2027). La Agenda Urbana y los Objetivos de Desarrollo Sostenible para las ciudades\\\" - C\u00e1tedra Milla del Conocimiento: Gij\u00f3n Sostenibilidad\",\"isPartOf\":{\"@id\":\"https:\\\/\\\/www.unioviedo.es\\\/xixonsostenibilidad\\\/#website\"},\"primaryImageOfPage\":{\"@id\":\"https:\\\/\\\/www.unioviedo.es\\\/xixonsostenibilidad\\\/index.php\\\/2018\\\/10\\\/31\\\/jornada-sobre-el-nuevo-periodo-de-financiacion-europea-2021-2027-la-agenda-urbana-y-los-objetivos-de-desarrollo-sostenible-para-las-ciudades\\\/#primaryimage\"},\"image\":{\"@id\":\"https:\\\/\\\/www.unioviedo.es\\\/xixonsostenibilidad\\\/index.php\\\/2018\\\/10\\\/31\\\/jornada-sobre-el-nuevo-periodo-de-financiacion-europea-2021-2027-la-agenda-urbana-y-los-objetivos-de-desarrollo-sostenible-para-las-ciudades\\\/#primaryimage\"},\"thumbnailUrl\":\"https:\\\/\\\/www.unioviedo.es\\\/xixonsostenibilidad\\\/wp-content\\\/uploads\\\/2018\\\/10\\\/CARTELJORNADA-Agenda-Urbana-yODS-ciudades-2018-11-13.jpg\",\"datePublished\":\"2018-10-31T09:04:29+00:00\",\"dateModified\":\"2018-10-31T09:35:38+00:00\",\"breadcrumb\":{\"@id\":\"https:\\\/\\\/www.unioviedo.es\\\/xixonsostenibilidad\\\/index.php\\\/2018\\\/10\\\/31\\\/jornada-sobre-el-nuevo-periodo-de-financiacion-europea-2021-2027-la-agenda-urbana-y-los-objetivos-de-desarrollo-sostenible-para-las-ciudades\\\/#breadcrumb\"},\"inLanguage\":\"es\",\"potentialAction\":[{\"@type\":\"ReadAction\",\"target\":[\"https:\\\/\\\/www.unioviedo.es\\\/xixonsostenibilidad\\\/index.php\\\/2018\\\/10\\\/31\\\/jornada-sobre-el-nuevo-periodo-de-financiacion-europea-2021-2027-la-agenda-urbana-y-los-objetivos-de-desarrollo-sostenible-para-las-ciudades\\\/\"]}]},{\"@type\":\"ImageObject\",\"inLanguage\":\"es\",\"@id\":\"https:\\\/\\\/www.unioviedo.es\\\/xixonsostenibilidad\\\/index.php\\\/2018\\\/10\\\/31\\\/jornada-sobre-el-nuevo-periodo-de-financiacion-europea-2021-2027-la-agenda-urbana-y-los-objetivos-de-desarrollo-sostenible-para-las-ciudades\\\/#primaryimage\",\"url\":\"https:\\\/\\\/www.unioviedo.es\\\/xixonsostenibilidad\\\/wp-content\\\/uploads\\\/2018\\\/10\\\/CARTELJORNADA-Agenda-Urbana-yODS-ciudades-2018-11-13.jpg\",\"contentUrl\":\"https:\\\/\\\/www.unioviedo.es\\\/xixonsostenibilidad\\\/wp-content\\\/uploads\\\/2018\\\/10\\\/CARTELJORNADA-Agenda-Urbana-yODS-ciudades-2018-11-13.jpg\",\"width\":2573,\"height\":1819},{\"@type\":\"BreadcrumbList\",\"@id\":\"https:\\\/\\\/www.unioviedo.es\\\/xixonsostenibilidad\\\/index.php\\\/2018\\\/10\\\/31\\\/jornada-sobre-el-nuevo-periodo-de-financiacion-europea-2021-2027-la-agenda-urbana-y-los-objetivos-de-desarrollo-sostenible-para-las-ciudades\\\/#breadcrumb\",\"itemListElement\":[{\"@type\":\"ListItem\",\"position\":1,\"name\":\"Portada\",\"item\":\"https:\\\/\\\/www.unioviedo.es\\\/xixonsostenibilidad\\\/\"},{\"@type\":\"ListItem\",\"position\":2,\"name\":\"Jornada sobre \u00abEl nuevo periodo de financiaci\u00f3n europea (2021-2027). La Agenda Urbana y los Objetivos de Desarrollo Sostenible para las ciudades\u00bb\"}]},{\"@type\":\"WebSite\",\"@id\":\"https:\\\/\\\/www.unioviedo.es\\\/xixonsostenibilidad\\\/#website\",\"url\":\"https:\\\/\\\/www.unioviedo.es\\\/xixonsostenibilidad\\\/\",\"name\":\"C\u00e1tedra Milla del Conocimiento: Gij\u00f3n Sostenibilidad\",\"description\":\"Las actividades de la C\u00e1tedra est\u00e1n patrocinadas por el Ayuntamiento de Gij\u00f3n\\\/Xix\u00f3n y pretende convertirse en un espacio interdisciplinario, reflexivo y abierto que contribuya a reorientar la actividad econ\u00f3mica y empresarial hacia el desarrollo sostenible de nuestro entorno en general, y del turismo en particular\",\"publisher\":{\"@id\":\"https:\\\/\\\/www.unioviedo.es\\\/xixonsostenibilidad\\\/#organization\"},\"potentialAction\":[{\"@type\":\"SearchAction\",\"target\":{\"@type\":\"EntryPoint\",\"urlTemplate\":\"https:\\\/\\\/www.unioviedo.es\\\/xixonsostenibilidad\\\/?s={search_term_string}\"},\"query-input\":{\"@type\":\"PropertyValueSpecification\",\"valueRequired\":true,\"valueName\":\"search_term_string\"}}],\"inLanguage\":\"es\"},{\"@type\":\"Organization\",\"@id\":\"https:\\\/\\\/www.unioviedo.es\\\/xixonsostenibilidad\\\/#organization\",\"name\":\"Universidad de Oviedo\",\"url\":\"https:\\\/\\\/www.unioviedo.es\\\/xixonsostenibilidad\\\/\",\"logo\":{\"@type\":\"ImageObject\",\"inLanguage\":\"es\",\"@id\":\"https:\\\/\\\/www.unioviedo.es\\\/xixonsostenibilidad\\\/#\\\/schema\\\/logo\\\/image\\\/\",\"url\":\"https:\\\/\\\/www.unioviedo.es\\\/xixonsostenibilidad\\\/wp-content\\\/uploads\\\/2023\\\/09\\\/Lgo-uniovi-catedra.png\",\"contentUrl\":\"https:\\\/\\\/www.unioviedo.es\\\/xixonsostenibilidad\\\/wp-content\\\/uploads\\\/2023\\\/09\\\/Lgo-uniovi-catedra.png\",\"width\":1669,\"height\":531,\"caption\":\"Universidad de Oviedo\"},\"image\":{\"@id\":\"https:\\\/\\\/www.unioviedo.es\\\/xixonsostenibilidad\\\/#\\\/schema\\\/logo\\\/image\\\/\"},\"sameAs\":[\"https:\\\/\\\/www.linkedin.com\\\/company\\\/65406893\\\/admin\\\/feed\\\/posts\\\/\"]},{\"@type\":\"Person\",\"@id\":\"https:\\\/\\\/www.unioviedo.es\\\/xixonsostenibilidad\\\/#\\\/schema\\\/person\\\/00a8552266d1031c0a7fecbd5f96ca1e\",\"name\":\"admin\",\"image\":{\"@type\":\"ImageObject\",\"inLanguage\":\"es\",\"@id\":\"https:\\\/\\\/secure.gravatar.com\\\/avatar\\\/2c29db5f9b7a50233bfffa6f4312191702211b91cdd05c7492c45d19a66e2d45?s=96&d=mm&r=g\",\"url\":\"https:\\\/\\\/secure.gravatar.com\\\/avatar\\\/2c29db5f9b7a50233bfffa6f4312191702211b91cdd05c7492c45d19a66e2d45?s=96&d=mm&r=g\",\"contentUrl\":\"https:\\\/\\\/secure.gravatar.com\\\/avatar\\\/2c29db5f9b7a50233bfffa6f4312191702211b91cdd05c7492c45d19a66e2d45?s=96&d=mm&r=g\",\"caption\":\"admin\"}}]}<\/script>\n<!-- \/ Yoast SEO plugin. -->","yoast_head_json":{"title":"Jornada sobre \"El nuevo periodo de financiaci\u00f3n europea (2021-2027). La Agenda Urbana y los Objetivos de Desarrollo Sostenible para las ciudades\" - C\u00e1tedra Milla del Conocimiento: Gij\u00f3n Sostenibilidad","robots":{"index":"index","follow":"follow","max-snippet":"max-snippet:-1","max-image-preview":"max-image-preview:large","max-video-preview":"max-video-preview:-1"},"canonical":"https:\/\/www.unioviedo.es\/xixonsostenibilidad\/index.php\/2018\/10\/31\/jornada-sobre-el-nuevo-periodo-de-financiacion-europea-2021-2027-la-agenda-urbana-y-los-objetivos-de-desarrollo-sostenible-para-las-ciudades\/","og_locale":"es_ES","og_type":"article","og_title":"Jornada sobre \"El nuevo periodo de financiaci\u00f3n europea (2021-2027). La Agenda Urbana y los Objetivos de Desarrollo Sostenible para las ciudades\" - C\u00e1tedra Milla del Conocimiento: Gij\u00f3n Sostenibilidad","og_description":"Jornada sobre El nuevo periodo de financiaci\u00f3n europea (2021-2027), La Agenda Urbana y los Objetivos de Desarrollo Sostenible para las ciudades","og_url":"https:\/\/www.unioviedo.es\/xixonsostenibilidad\/index.php\/2018\/10\/31\/jornada-sobre-el-nuevo-periodo-de-financiacion-europea-2021-2027-la-agenda-urbana-y-los-objetivos-de-desarrollo-sostenible-para-las-ciudades\/","og_site_name":"C\u00e1tedra Milla del Conocimiento: Gij\u00f3n Sostenibilidad","article_published_time":"2018-10-31T09:04:29+00:00","article_modified_time":"2018-10-31T09:35:38+00:00","og_image":[{"width":2573,"height":1819,"url":"https:\/\/www.unioviedo.es\/xixonsostenibilidad\/wp-content\/uploads\/2018\/10\/CARTELJORNADA-Agenda-Urbana-yODS-ciudades-2018-11-13.jpg","type":"image\/jpeg"}],"author":"admin","twitter_card":"summary_large_image","twitter_misc":{"Escrito por":"admin","Tiempo de lectura":"1 minuto"},"schema":{"@context":"https:\/\/schema.org","@graph":[{"@type":"Article","@id":"https:\/\/www.unioviedo.es\/xixonsostenibilidad\/index.php\/2018\/10\/31\/jornada-sobre-el-nuevo-periodo-de-financiacion-europea-2021-2027-la-agenda-urbana-y-los-objetivos-de-desarrollo-sostenible-para-las-ciudades\/#article","isPartOf":{"@id":"https:\/\/www.unioviedo.es\/xixonsostenibilidad\/index.php\/2018\/10\/31\/jornada-sobre-el-nuevo-periodo-de-financiacion-europea-2021-2027-la-agenda-urbana-y-los-objetivos-de-desarrollo-sostenible-para-las-ciudades\/"},"author":{"name":"admin","@id":"https:\/\/www.unioviedo.es\/xixonsostenibilidad\/#\/schema\/person\/00a8552266d1031c0a7fecbd5f96ca1e"},"headline":"Jornada sobre \u00abEl nuevo periodo de financiaci\u00f3n europea (2021-2027). La Agenda Urbana y los Objetivos de Desarrollo Sostenible para las ciudades\u00bb","datePublished":"2018-10-31T09:04:29+00:00","dateModified":"2018-10-31T09:35:38+00:00","mainEntityOfPage":{"@id":"https:\/\/www.unioviedo.es\/xixonsostenibilidad\/index.php\/2018\/10\/31\/jornada-sobre-el-nuevo-periodo-de-financiacion-europea-2021-2027-la-agenda-urbana-y-los-objetivos-de-desarrollo-sostenible-para-las-ciudades\/"},"wordCount":191,"publisher":{"@id":"https:\/\/www.unioviedo.es\/xixonsostenibilidad\/#organization"},"image":{"@id":"https:\/\/www.unioviedo.es\/xixonsostenibilidad\/index.php\/2018\/10\/31\/jornada-sobre-el-nuevo-periodo-de-financiacion-europea-2021-2027-la-agenda-urbana-y-los-objetivos-de-desarrollo-sostenible-para-las-ciudades\/#primaryimage"},"thumbnailUrl":"https:\/\/www.unioviedo.es\/xixonsostenibilidad\/wp-content\/uploads\/2018\/10\/CARTELJORNADA-Agenda-Urbana-yODS-ciudades-2018-11-13.jpg","keywords":["2021-2027","Agenda urbana","Ciudades","Financiaci\u00f3n","ODS","Urban"],"articleSection":["Acto Acad\u00e9mico","Jornada"],"inLanguage":"es"},{"@type":"WebPage","@id":"https:\/\/www.unioviedo.es\/xixonsostenibilidad\/index.php\/2018\/10\/31\/jornada-sobre-el-nuevo-periodo-de-financiacion-europea-2021-2027-la-agenda-urbana-y-los-objetivos-de-desarrollo-sostenible-para-las-ciudades\/","url":"https:\/\/www.unioviedo.es\/xixonsostenibilidad\/index.php\/2018\/10\/31\/jornada-sobre-el-nuevo-periodo-de-financiacion-europea-2021-2027-la-agenda-urbana-y-los-objetivos-de-desarrollo-sostenible-para-las-ciudades\/","name":"Jornada sobre \"El nuevo periodo de financiaci\u00f3n europea (2021-2027). La Agenda Urbana y los Objetivos de Desarrollo Sostenible para las ciudades\" - C\u00e1tedra Milla del Conocimiento: Gij\u00f3n Sostenibilidad","isPartOf":{"@id":"https:\/\/www.unioviedo.es\/xixonsostenibilidad\/#website"},"primaryImageOfPage":{"@id":"https:\/\/www.unioviedo.es\/xixonsostenibilidad\/index.php\/2018\/10\/31\/jornada-sobre-el-nuevo-periodo-de-financiacion-europea-2021-2027-la-agenda-urbana-y-los-objetivos-de-desarrollo-sostenible-para-las-ciudades\/#primaryimage"},"image":{"@id":"https:\/\/www.unioviedo.es\/xixonsostenibilidad\/index.php\/2018\/10\/31\/jornada-sobre-el-nuevo-periodo-de-financiacion-europea-2021-2027-la-agenda-urbana-y-los-objetivos-de-desarrollo-sostenible-para-las-ciudades\/#primaryimage"},"thumbnailUrl":"https:\/\/www.unioviedo.es\/xixonsostenibilidad\/wp-content\/uploads\/2018\/10\/CARTELJORNADA-Agenda-Urbana-yODS-ciudades-2018-11-13.jpg","datePublished":"2018-10-31T09:04:29+00:00","dateModified":"2018-10-31T09:35:38+00:00","breadcrumb":{"@id":"https:\/\/www.unioviedo.es\/xixonsostenibilidad\/index.php\/2018\/10\/31\/jornada-sobre-el-nuevo-periodo-de-financiacion-europea-2021-2027-la-agenda-urbana-y-los-objetivos-de-desarrollo-sostenible-para-las-ciudades\/#breadcrumb"},"inLanguage":"es","potentialAction":[{"@type":"ReadAction","target":["https:\/\/www.unioviedo.es\/xixonsostenibilidad\/index.php\/2018\/10\/31\/jornada-sobre-el-nuevo-periodo-de-financiacion-europea-2021-2027-la-agenda-urbana-y-los-objetivos-de-desarrollo-sostenible-para-las-ciudades\/"]}]},{"@type":"ImageObject","inLanguage":"es","@id":"https:\/\/www.unioviedo.es\/xixonsostenibilidad\/index.php\/2018\/10\/31\/jornada-sobre-el-nuevo-periodo-de-financiacion-europea-2021-2027-la-agenda-urbana-y-los-objetivos-de-desarrollo-sostenible-para-las-ciudades\/#primaryimage","url":"https:\/\/www.unioviedo.es\/xixonsostenibilidad\/wp-content\/uploads\/2018\/10\/CARTELJORNADA-Agenda-Urbana-yODS-ciudades-2018-11-13.jpg","contentUrl":"https:\/\/www.unioviedo.es\/xixonsostenibilidad\/wp-content\/uploads\/2018\/10\/CARTELJORNADA-Agenda-Urbana-yODS-ciudades-2018-11-13.jpg","width":2573,"height":1819},{"@type":"BreadcrumbList","@id":"https:\/\/www.unioviedo.es\/xixonsostenibilidad\/index.php\/2018\/10\/31\/jornada-sobre-el-nuevo-periodo-de-financiacion-europea-2021-2027-la-agenda-urbana-y-los-objetivos-de-desarrollo-sostenible-para-las-ciudades\/#breadcrumb","itemListElement":[{"@type":"ListItem","position":1,"name":"Portada","item":"https:\/\/www.unioviedo.es\/xixonsostenibilidad\/"},{"@type":"ListItem","position":2,"name":"Jornada sobre \u00abEl nuevo periodo de financiaci\u00f3n europea (2021-2027). La Agenda Urbana y los Objetivos de Desarrollo Sostenible para las ciudades\u00bb"}]},{"@type":"WebSite","@id":"https:\/\/www.unioviedo.es\/xixonsostenibilidad\/#website","url":"https:\/\/www.unioviedo.es\/xixonsostenibilidad\/","name":"C\u00e1tedra Milla del Conocimiento: Gij\u00f3n Sostenibilidad","description":"Las actividades de la C\u00e1tedra est\u00e1n patrocinadas por el Ayuntamiento de Gij\u00f3n\/Xix\u00f3n y pretende convertirse en un espacio interdisciplinario, reflexivo y abierto que contribuya a reorientar la actividad econ\u00f3mica y empresarial hacia el desarrollo sostenible de nuestro entorno en general, y del turismo en particular","publisher":{"@id":"https:\/\/www.unioviedo.es\/xixonsostenibilidad\/#organization"},"potentialAction":[{"@type":"SearchAction","target":{"@type":"EntryPoint","urlTemplate":"https:\/\/www.unioviedo.es\/xixonsostenibilidad\/?s={search_term_string}"},"query-input":{"@type":"PropertyValueSpecification","valueRequired":true,"valueName":"search_term_string"}}],"inLanguage":"es"},{"@type":"Organization","@id":"https:\/\/www.unioviedo.es\/xixonsostenibilidad\/#organization","name":"Universidad de Oviedo","url":"https:\/\/www.unioviedo.es\/xixonsostenibilidad\/","logo":{"@type":"ImageObject","inLanguage":"es","@id":"https:\/\/www.unioviedo.es\/xixonsostenibilidad\/#\/schema\/logo\/image\/","url":"https:\/\/www.unioviedo.es\/xixonsostenibilidad\/wp-content\/uploads\/2023\/09\/Lgo-uniovi-catedra.png","contentUrl":"https:\/\/www.unioviedo.es\/xixonsostenibilidad\/wp-content\/uploads\/2023\/09\/Lgo-uniovi-catedra.png","width":1669,"height":531,"caption":"Universidad de Oviedo"},"image":{"@id":"https:\/\/www.unioviedo.es\/xixonsostenibilidad\/#\/schema\/logo\/image\/"},"sameAs":["https:\/\/www.linkedin.com\/company\/65406893\/admin\/feed\/posts\/"]},{"@type":"Person","@id":"https:\/\/www.unioviedo.es\/xixonsostenibilidad\/#\/schema\/person\/00a8552266d1031c0a7fecbd5f96ca1e","name":"admin","image":{"@type":"ImageObject","inLanguage":"es","@id":"https:\/\/secure.gravatar.com\/avatar\/2c29db5f9b7a50233bfffa6f4312191702211b91cdd05c7492c45d19a66e2d45?s=96&d=mm&r=g","url":"https:\/\/secure.gravatar.com\/avatar\/2c29db5f9b7a50233bfffa6f4312191702211b91cdd05c7492c45d19a66e2d45?s=96&d=mm&r=g","contentUrl":"https:\/\/secure.gravatar.com\/avatar\/2c29db5f9b7a50233bfffa6f4312191702211b91cdd05c7492c45d19a66e2d45?s=96&d=mm&r=g","caption":"admin"}}]}},"_links":{"self":[{"href":"https:\/\/www.unioviedo.es\/xixonsostenibilidad\/index.php\/wp-json\/wp\/v2\/posts\/453","targetHints":{"allow":["GET"]}}],"collection":[{"href":"https:\/\/www.unioviedo.es\/xixonsostenibilidad\/index.php\/wp-json\/wp\/v2\/posts"}],"about":[{"href":"https:\/\/www.unioviedo.es\/xixonsostenibilidad\/index.php\/wp-json\/wp\/v2\/types\/post"}],"author":[{"embeddable":true,"href":"https:\/\/www.unioviedo.es\/xixonsostenibilidad\/index.php\/wp-json\/wp\/v2\/users\/1"}],"replies":[{"embeddable":true,"href":"https:\/\/www.unioviedo.es\/xixonsostenibilidad\/index.php\/wp-json\/wp\/v2\/comments?post=453"}],"version-history":[{"count":3,"href":"https:\/\/www.unioviedo.es\/xixonsostenibilidad\/index.php\/wp-json\/wp\/v2\/posts\/453\/revisions"}],"predecessor-version":[{"id":460,"href":"https:\/\/www.unioviedo.es\/xixonsostenibilidad\/index.php\/wp-json\/wp\/v2\/posts\/453\/revisions\/460"}],"wp:featuredmedia":[{"embeddable":true,"href":"https:\/\/www.unioviedo.es\/xixonsostenibilidad\/index.php\/wp-json\/wp\/v2\/media\/454"}],"wp:attachment":[{"href":"https:\/\/www.unioviedo.es\/xixonsostenibilidad\/index.php\/wp-json\/wp\/v2\/media?parent=453"}],"wp:term":[{"taxonomy":"category","embeddable":true,"href":"https:\/\/www.unioviedo.es\/xixonsostenibilidad\/index.php\/wp-json\/wp\/v2\/categories?post=453"},{"taxonomy":"post_tag","embeddable":true,"href":"https:\/\/www.unioviedo.es\/xixonsostenibilidad\/index.php\/wp-json\/wp\/v2\/tags?post=453"}],"curies":[{"name":"wp","href":"https:\/\/api.w.org\/{rel}","templated":true}]}}