{"id":473,"date":"2018-11-30T16:14:07","date_gmt":"2018-11-30T15:14:07","guid":{"rendered":"http:\/\/www.unioviedo.es\/xixonsostenibilidad\/?p=473"},"modified":"2019-10-11T16:15:28","modified_gmt":"2019-10-11T14:15:28","slug":"conferencia-turismo-y-transformacion-digital-hacia-destinos-turisticos-inteligentes","status":"publish","type":"post","link":"https:\/\/www.unioviedo.es\/xixonsostenibilidad\/index.php\/2018\/11\/30\/conferencia-turismo-y-transformacion-digital-hacia-destinos-turisticos-inteligentes\/","title":{"rendered":"Conferencia: Turismo y transformaci\u00f3n digital:  \u00bfhacia destinos tur\u00edsticos inteligentes?"},"content":{"rendered":"\n<p class=\"wp-block-paragraph\">La C\u00e1tedra Milla del Conocimiento: Xix\u00f3n Sostenibilidad organiza el pr\u00f3ximo 11 de diciembre una conferencia sobre Destinos Tur\u00edsticos Inteligentes. <\/p>\n\n\n\n<p class=\"wp-block-paragraph\">Contaremos con la presencia del profesor Josep Ivars de la Universidad de Alicante y uno de los investigadores principales del proyecto de investigaci\u00f3n \u00abA<em>n\u00e1lisis de procesos de planificaci\u00f3n aplicados a ciudades y destinos tur\u00edsticos inteligentes. Balance y propuesta metodol\u00f3gica para espacios tur\u00edsticos: Smart TourismPlanning<\/em>\u00ab. Proyecto CSO2017-82592-R del Programa Estatal de I+D+i del Ministerio de Econom\u00eda, Industria y Competitividad, (2018-2020) en el que est\u00e1n tambi\u00e9n presentes investigadores de la Universidad de Oviedo. En este caso Gij\u00f3n es uno de los destinos que se analizar\u00e1n dentro de este estudio.<\/p>\n\n\n\n<p class=\"wp-block-paragraph\"><\/p>\n\n\n\n<figure class=\"wp-block-image\"><img loading=\"lazy\" decoding=\"async\" width=\"724\" height=\"1024\" src=\"https:\/\/www.unioviedo.es\/xixonsostenibilidad\/wp-content\/uploads\/2018\/11\/Cartel-2018-12-11_DTI-724x1024.jpg\" alt=\"\" class=\"wp-image-474\" srcset=\"https:\/\/www.unioviedo.es\/xixonsostenibilidad\/wp-content\/uploads\/2018\/11\/Cartel-2018-12-11_DTI-724x1024.jpg 724w, https:\/\/www.unioviedo.es\/xixonsostenibilidad\/wp-content\/uploads\/2018\/11\/Cartel-2018-12-11_DTI-212x300.jpg 212w, https:\/\/www.unioviedo.es\/xixonsostenibilidad\/wp-content\/uploads\/2018\/11\/Cartel-2018-12-11_DTI-768x1086.jpg 768w, https:\/\/www.unioviedo.es\/xixonsostenibilidad\/wp-content\/uploads\/2018\/11\/Cartel-2018-12-11_DTI.jpg 1654w\" sizes=\"auto, (max-width: 724px) 100vw, 724px\" \/><\/figure>\n","protected":false},"excerpt":{"rendered":"<p>La C\u00e1tedra Milla del Conocimiento: Xix\u00f3n Sostenibilidad organiza el pr\u00f3ximo 11 de diciembre una conferencia sobre Destinos Tur\u00edsticos Inteligentes. Contaremos con la presencia del profesor Josep Ivars de la Universidad de Alicante y uno de los investigadores principales del proyecto de investigaci\u00f3n \u00abAn\u00e1lisis de procesos de planificaci\u00f3n aplicados a ciudades y destinos tur\u00edsticos inteligentes. Balance [&hellip;]<\/p>\n","protected":false},"author":1,"featured_media":0,"comment_status":"closed","ping_status":"closed","sticky":false,"template":"","format":"standard","meta":{"_crdt_document":"","_exactmetrics_skip_tracking":false,"_exactmetrics_sitenote_active":false,"_exactmetrics_sitenote_note":"","_exactmetrics_sitenote_category":0,"footnotes":""},"categories":[16,28],"tags":[33,31,32,10],"class_list":["post-473","post","type-post","status-publish","format-standard","hentry","category-acto-academico","category-sesion-de-manana","tag-destinos-turisticos-inteligentes","tag-smart","tag-smart-destination","tag-turismo"],"yoast_head":"<!-- This site is optimized with the Yoast SEO plugin v27.5 - https:\/\/yoast.com\/product\/yoast-seo-wordpress\/ -->\n<title>Conferencia: Turismo y transformaci\u00f3n digital: \u00bfhacia destinos tur\u00edsticos inteligentes? - C\u00e1tedra Milla del Conocimiento: Gij\u00f3n Sostenibilidad<\/title>\n<meta name=\"robots\" content=\"index, follow, max-snippet:-1, max-image-preview:large, max-video-preview:-1\" \/>\n<link rel=\"canonical\" href=\"https:\/\/www.unioviedo.es\/xixonsostenibilidad\/index.php\/2018\/11\/30\/conferencia-turismo-y-transformacion-digital-hacia-destinos-turisticos-inteligentes\/\" \/>\n<meta property=\"og:locale\" content=\"es_ES\" \/>\n<meta property=\"og:type\" content=\"article\" \/>\n<meta property=\"og:title\" content=\"Conferencia: Turismo y transformaci\u00f3n digital: \u00bfhacia destinos tur\u00edsticos inteligentes? - C\u00e1tedra Milla del Conocimiento: Gij\u00f3n Sostenibilidad\" \/>\n<meta property=\"og:description\" content=\"La C\u00e1tedra Milla del Conocimiento: Xix\u00f3n Sostenibilidad organiza el pr\u00f3ximo 11 de diciembre una conferencia sobre Destinos Tur\u00edsticos Inteligentes. Contaremos con la presencia del profesor Josep Ivars de la Universidad de Alicante y uno de los investigadores principales del proyecto de investigaci\u00f3n \u00abAn\u00e1lisis de procesos de planificaci\u00f3n aplicados a ciudades y destinos tur\u00edsticos inteligentes. Balance [&hellip;]\" \/>\n<meta property=\"og:url\" content=\"https:\/\/www.unioviedo.es\/xixonsostenibilidad\/index.php\/2018\/11\/30\/conferencia-turismo-y-transformacion-digital-hacia-destinos-turisticos-inteligentes\/\" \/>\n<meta property=\"og:site_name\" content=\"C\u00e1tedra Milla del Conocimiento: Gij\u00f3n Sostenibilidad\" \/>\n<meta property=\"article:published_time\" content=\"2018-11-30T15:14:07+00:00\" \/>\n<meta property=\"article:modified_time\" content=\"2019-10-11T14:15:28+00:00\" \/>\n<meta property=\"og:image\" content=\"https:\/\/www.unioviedo.es\/xixonsostenibilidad\/wp-content\/uploads\/2018\/11\/Cartel-2018-12-11_DTI-724x1024.jpg\" \/>\n<meta name=\"author\" content=\"admin\" \/>\n<meta name=\"twitter:card\" content=\"summary_large_image\" \/>\n<meta name=\"twitter:label1\" content=\"Escrito por\" \/>\n\t<meta name=\"twitter:data1\" content=\"admin\" \/>\n\t<meta name=\"twitter:label2\" content=\"Tiempo de lectura\" \/>\n\t<meta name=\"twitter:data2\" content=\"1 minuto\" \/>\n<script type=\"application\/ld+json\" class=\"yoast-schema-graph\">{\"@context\":\"https:\\\/\\\/schema.org\",\"@graph\":[{\"@type\":\"Article\",\"@id\":\"https:\\\/\\\/www.unioviedo.es\\\/xixonsostenibilidad\\\/index.php\\\/2018\\\/11\\\/30\\\/conferencia-turismo-y-transformacion-digital-hacia-destinos-turisticos-inteligentes\\\/#article\",\"isPartOf\":{\"@id\":\"https:\\\/\\\/www.unioviedo.es\\\/xixonsostenibilidad\\\/index.php\\\/2018\\\/11\\\/30\\\/conferencia-turismo-y-transformacion-digital-hacia-destinos-turisticos-inteligentes\\\/\"},\"author\":{\"name\":\"admin\",\"@id\":\"https:\\\/\\\/www.unioviedo.es\\\/xixonsostenibilidad\\\/#\\\/schema\\\/person\\\/00a8552266d1031c0a7fecbd5f96ca1e\"},\"headline\":\"Conferencia: Turismo y transformaci\u00f3n digital: \u00bfhacia destinos tur\u00edsticos inteligentes?\",\"datePublished\":\"2018-11-30T15:14:07+00:00\",\"dateModified\":\"2019-10-11T14:15:28+00:00\",\"mainEntityOfPage\":{\"@id\":\"https:\\\/\\\/www.unioviedo.es\\\/xixonsostenibilidad\\\/index.php\\\/2018\\\/11\\\/30\\\/conferencia-turismo-y-transformacion-digital-hacia-destinos-turisticos-inteligentes\\\/\"},\"wordCount\":135,\"publisher\":{\"@id\":\"https:\\\/\\\/www.unioviedo.es\\\/xixonsostenibilidad\\\/#organization\"},\"image\":{\"@id\":\"https:\\\/\\\/www.unioviedo.es\\\/xixonsostenibilidad\\\/index.php\\\/2018\\\/11\\\/30\\\/conferencia-turismo-y-transformacion-digital-hacia-destinos-turisticos-inteligentes\\\/#primaryimage\"},\"thumbnailUrl\":\"https:\\\/\\\/www.unioviedo.es\\\/xixonsostenibilidad\\\/wp-content\\\/uploads\\\/2018\\\/11\\\/Cartel-2018-12-11_DTI-724x1024.jpg\",\"keywords\":[\"Destinos tur\u00edsticos inteligentes\",\"Smart\",\"Smart Destination\",\"Turismo\"],\"articleSection\":[\"Acto Acad\u00e9mico\",\"Sesi\u00f3n de Ma\u00f1ana\"],\"inLanguage\":\"es\"},{\"@type\":\"WebPage\",\"@id\":\"https:\\\/\\\/www.unioviedo.es\\\/xixonsostenibilidad\\\/index.php\\\/2018\\\/11\\\/30\\\/conferencia-turismo-y-transformacion-digital-hacia-destinos-turisticos-inteligentes\\\/\",\"url\":\"https:\\\/\\\/www.unioviedo.es\\\/xixonsostenibilidad\\\/index.php\\\/2018\\\/11\\\/30\\\/conferencia-turismo-y-transformacion-digital-hacia-destinos-turisticos-inteligentes\\\/\",\"name\":\"Conferencia: Turismo y transformaci\u00f3n digital: \u00bfhacia destinos tur\u00edsticos inteligentes? - C\u00e1tedra Milla del Conocimiento: Gij\u00f3n Sostenibilidad\",\"isPartOf\":{\"@id\":\"https:\\\/\\\/www.unioviedo.es\\\/xixonsostenibilidad\\\/#website\"},\"primaryImageOfPage\":{\"@id\":\"https:\\\/\\\/www.unioviedo.es\\\/xixonsostenibilidad\\\/index.php\\\/2018\\\/11\\\/30\\\/conferencia-turismo-y-transformacion-digital-hacia-destinos-turisticos-inteligentes\\\/#primaryimage\"},\"image\":{\"@id\":\"https:\\\/\\\/www.unioviedo.es\\\/xixonsostenibilidad\\\/index.php\\\/2018\\\/11\\\/30\\\/conferencia-turismo-y-transformacion-digital-hacia-destinos-turisticos-inteligentes\\\/#primaryimage\"},\"thumbnailUrl\":\"https:\\\/\\\/www.unioviedo.es\\\/xixonsostenibilidad\\\/wp-content\\\/uploads\\\/2018\\\/11\\\/Cartel-2018-12-11_DTI-724x1024.jpg\",\"datePublished\":\"2018-11-30T15:14:07+00:00\",\"dateModified\":\"2019-10-11T14:15:28+00:00\",\"breadcrumb\":{\"@id\":\"https:\\\/\\\/www.unioviedo.es\\\/xixonsostenibilidad\\\/index.php\\\/2018\\\/11\\\/30\\\/conferencia-turismo-y-transformacion-digital-hacia-destinos-turisticos-inteligentes\\\/#breadcrumb\"},\"inLanguage\":\"es\",\"potentialAction\":[{\"@type\":\"ReadAction\",\"target\":[\"https:\\\/\\\/www.unioviedo.es\\\/xixonsostenibilidad\\\/index.php\\\/2018\\\/11\\\/30\\\/conferencia-turismo-y-transformacion-digital-hacia-destinos-turisticos-inteligentes\\\/\"]}]},{\"@type\":\"ImageObject\",\"inLanguage\":\"es\",\"@id\":\"https:\\\/\\\/www.unioviedo.es\\\/xixonsostenibilidad\\\/index.php\\\/2018\\\/11\\\/30\\\/conferencia-turismo-y-transformacion-digital-hacia-destinos-turisticos-inteligentes\\\/#primaryimage\",\"url\":\"https:\\\/\\\/www.unioviedo.es\\\/xixonsostenibilidad\\\/wp-content\\\/uploads\\\/2018\\\/11\\\/Cartel-2018-12-11_DTI.jpg\",\"contentUrl\":\"https:\\\/\\\/www.unioviedo.es\\\/xixonsostenibilidad\\\/wp-content\\\/uploads\\\/2018\\\/11\\\/Cartel-2018-12-11_DTI.jpg\",\"width\":1654,\"height\":2339},{\"@type\":\"BreadcrumbList\",\"@id\":\"https:\\\/\\\/www.unioviedo.es\\\/xixonsostenibilidad\\\/index.php\\\/2018\\\/11\\\/30\\\/conferencia-turismo-y-transformacion-digital-hacia-destinos-turisticos-inteligentes\\\/#breadcrumb\",\"itemListElement\":[{\"@type\":\"ListItem\",\"position\":1,\"name\":\"Portada\",\"item\":\"https:\\\/\\\/www.unioviedo.es\\\/xixonsostenibilidad\\\/\"},{\"@type\":\"ListItem\",\"position\":2,\"name\":\"Conferencia: Turismo y transformaci\u00f3n digital: \u00bfhacia destinos tur\u00edsticos inteligentes?\"}]},{\"@type\":\"WebSite\",\"@id\":\"https:\\\/\\\/www.unioviedo.es\\\/xixonsostenibilidad\\\/#website\",\"url\":\"https:\\\/\\\/www.unioviedo.es\\\/xixonsostenibilidad\\\/\",\"name\":\"C\u00e1tedra Milla del Conocimiento: Gij\u00f3n Sostenibilidad\",\"description\":\"Las actividades de la C\u00e1tedra est\u00e1n patrocinadas por el Ayuntamiento de Gij\u00f3n\\\/Xix\u00f3n y pretende convertirse en un espacio interdisciplinario, reflexivo y abierto que contribuya a reorientar la actividad econ\u00f3mica y empresarial hacia el desarrollo sostenible de nuestro entorno en general, y del turismo en particular\",\"publisher\":{\"@id\":\"https:\\\/\\\/www.unioviedo.es\\\/xixonsostenibilidad\\\/#organization\"},\"potentialAction\":[{\"@type\":\"SearchAction\",\"target\":{\"@type\":\"EntryPoint\",\"urlTemplate\":\"https:\\\/\\\/www.unioviedo.es\\\/xixonsostenibilidad\\\/?s={search_term_string}\"},\"query-input\":{\"@type\":\"PropertyValueSpecification\",\"valueRequired\":true,\"valueName\":\"search_term_string\"}}],\"inLanguage\":\"es\"},{\"@type\":\"Organization\",\"@id\":\"https:\\\/\\\/www.unioviedo.es\\\/xixonsostenibilidad\\\/#organization\",\"name\":\"Universidad de Oviedo\",\"url\":\"https:\\\/\\\/www.unioviedo.es\\\/xixonsostenibilidad\\\/\",\"logo\":{\"@type\":\"ImageObject\",\"inLanguage\":\"es\",\"@id\":\"https:\\\/\\\/www.unioviedo.es\\\/xixonsostenibilidad\\\/#\\\/schema\\\/logo\\\/image\\\/\",\"url\":\"https:\\\/\\\/www.unioviedo.es\\\/xixonsostenibilidad\\\/wp-content\\\/uploads\\\/2023\\\/09\\\/Lgo-uniovi-catedra.png\",\"contentUrl\":\"https:\\\/\\\/www.unioviedo.es\\\/xixonsostenibilidad\\\/wp-content\\\/uploads\\\/2023\\\/09\\\/Lgo-uniovi-catedra.png\",\"width\":1669,\"height\":531,\"caption\":\"Universidad de Oviedo\"},\"image\":{\"@id\":\"https:\\\/\\\/www.unioviedo.es\\\/xixonsostenibilidad\\\/#\\\/schema\\\/logo\\\/image\\\/\"},\"sameAs\":[\"https:\\\/\\\/www.linkedin.com\\\/company\\\/65406893\\\/admin\\\/feed\\\/posts\\\/\"]},{\"@type\":\"Person\",\"@id\":\"https:\\\/\\\/www.unioviedo.es\\\/xixonsostenibilidad\\\/#\\\/schema\\\/person\\\/00a8552266d1031c0a7fecbd5f96ca1e\",\"name\":\"admin\",\"image\":{\"@type\":\"ImageObject\",\"inLanguage\":\"es\",\"@id\":\"https:\\\/\\\/secure.gravatar.com\\\/avatar\\\/2c29db5f9b7a50233bfffa6f4312191702211b91cdd05c7492c45d19a66e2d45?s=96&d=mm&r=g\",\"url\":\"https:\\\/\\\/secure.gravatar.com\\\/avatar\\\/2c29db5f9b7a50233bfffa6f4312191702211b91cdd05c7492c45d19a66e2d45?s=96&d=mm&r=g\",\"contentUrl\":\"https:\\\/\\\/secure.gravatar.com\\\/avatar\\\/2c29db5f9b7a50233bfffa6f4312191702211b91cdd05c7492c45d19a66e2d45?s=96&d=mm&r=g\",\"caption\":\"admin\"}}]}<\/script>\n<!-- \/ Yoast SEO plugin. -->","yoast_head_json":{"title":"Conferencia: Turismo y transformaci\u00f3n digital: \u00bfhacia destinos tur\u00edsticos inteligentes? - C\u00e1tedra Milla del Conocimiento: Gij\u00f3n Sostenibilidad","robots":{"index":"index","follow":"follow","max-snippet":"max-snippet:-1","max-image-preview":"max-image-preview:large","max-video-preview":"max-video-preview:-1"},"canonical":"https:\/\/www.unioviedo.es\/xixonsostenibilidad\/index.php\/2018\/11\/30\/conferencia-turismo-y-transformacion-digital-hacia-destinos-turisticos-inteligentes\/","og_locale":"es_ES","og_type":"article","og_title":"Conferencia: Turismo y transformaci\u00f3n digital: \u00bfhacia destinos tur\u00edsticos inteligentes? - C\u00e1tedra Milla del Conocimiento: Gij\u00f3n Sostenibilidad","og_description":"La C\u00e1tedra Milla del Conocimiento: Xix\u00f3n Sostenibilidad organiza el pr\u00f3ximo 11 de diciembre una conferencia sobre Destinos Tur\u00edsticos Inteligentes. Contaremos con la presencia del profesor Josep Ivars de la Universidad de Alicante y uno de los investigadores principales del proyecto de investigaci\u00f3n \u00abAn\u00e1lisis de procesos de planificaci\u00f3n aplicados a ciudades y destinos tur\u00edsticos inteligentes. Balance [&hellip;]","og_url":"https:\/\/www.unioviedo.es\/xixonsostenibilidad\/index.php\/2018\/11\/30\/conferencia-turismo-y-transformacion-digital-hacia-destinos-turisticos-inteligentes\/","og_site_name":"C\u00e1tedra Milla del Conocimiento: Gij\u00f3n Sostenibilidad","article_published_time":"2018-11-30T15:14:07+00:00","article_modified_time":"2019-10-11T14:15:28+00:00","og_image":[{"url":"https:\/\/www.unioviedo.es\/xixonsostenibilidad\/wp-content\/uploads\/2018\/11\/Cartel-2018-12-11_DTI-724x1024.jpg","type":"","width":"","height":""}],"author":"admin","twitter_card":"summary_large_image","twitter_misc":{"Escrito por":"admin","Tiempo de lectura":"1 minuto"},"schema":{"@context":"https:\/\/schema.org","@graph":[{"@type":"Article","@id":"https:\/\/www.unioviedo.es\/xixonsostenibilidad\/index.php\/2018\/11\/30\/conferencia-turismo-y-transformacion-digital-hacia-destinos-turisticos-inteligentes\/#article","isPartOf":{"@id":"https:\/\/www.unioviedo.es\/xixonsostenibilidad\/index.php\/2018\/11\/30\/conferencia-turismo-y-transformacion-digital-hacia-destinos-turisticos-inteligentes\/"},"author":{"name":"admin","@id":"https:\/\/www.unioviedo.es\/xixonsostenibilidad\/#\/schema\/person\/00a8552266d1031c0a7fecbd5f96ca1e"},"headline":"Conferencia: Turismo y transformaci\u00f3n digital: \u00bfhacia destinos tur\u00edsticos inteligentes?","datePublished":"2018-11-30T15:14:07+00:00","dateModified":"2019-10-11T14:15:28+00:00","mainEntityOfPage":{"@id":"https:\/\/www.unioviedo.es\/xixonsostenibilidad\/index.php\/2018\/11\/30\/conferencia-turismo-y-transformacion-digital-hacia-destinos-turisticos-inteligentes\/"},"wordCount":135,"publisher":{"@id":"https:\/\/www.unioviedo.es\/xixonsostenibilidad\/#organization"},"image":{"@id":"https:\/\/www.unioviedo.es\/xixonsostenibilidad\/index.php\/2018\/11\/30\/conferencia-turismo-y-transformacion-digital-hacia-destinos-turisticos-inteligentes\/#primaryimage"},"thumbnailUrl":"https:\/\/www.unioviedo.es\/xixonsostenibilidad\/wp-content\/uploads\/2018\/11\/Cartel-2018-12-11_DTI-724x1024.jpg","keywords":["Destinos tur\u00edsticos inteligentes","Smart","Smart Destination","Turismo"],"articleSection":["Acto Acad\u00e9mico","Sesi\u00f3n de Ma\u00f1ana"],"inLanguage":"es"},{"@type":"WebPage","@id":"https:\/\/www.unioviedo.es\/xixonsostenibilidad\/index.php\/2018\/11\/30\/conferencia-turismo-y-transformacion-digital-hacia-destinos-turisticos-inteligentes\/","url":"https:\/\/www.unioviedo.es\/xixonsostenibilidad\/index.php\/2018\/11\/30\/conferencia-turismo-y-transformacion-digital-hacia-destinos-turisticos-inteligentes\/","name":"Conferencia: Turismo y transformaci\u00f3n digital: \u00bfhacia destinos tur\u00edsticos inteligentes? - C\u00e1tedra Milla del Conocimiento: Gij\u00f3n Sostenibilidad","isPartOf":{"@id":"https:\/\/www.unioviedo.es\/xixonsostenibilidad\/#website"},"primaryImageOfPage":{"@id":"https:\/\/www.unioviedo.es\/xixonsostenibilidad\/index.php\/2018\/11\/30\/conferencia-turismo-y-transformacion-digital-hacia-destinos-turisticos-inteligentes\/#primaryimage"},"image":{"@id":"https:\/\/www.unioviedo.es\/xixonsostenibilidad\/index.php\/2018\/11\/30\/conferencia-turismo-y-transformacion-digital-hacia-destinos-turisticos-inteligentes\/#primaryimage"},"thumbnailUrl":"https:\/\/www.unioviedo.es\/xixonsostenibilidad\/wp-content\/uploads\/2018\/11\/Cartel-2018-12-11_DTI-724x1024.jpg","datePublished":"2018-11-30T15:14:07+00:00","dateModified":"2019-10-11T14:15:28+00:00","breadcrumb":{"@id":"https:\/\/www.unioviedo.es\/xixonsostenibilidad\/index.php\/2018\/11\/30\/conferencia-turismo-y-transformacion-digital-hacia-destinos-turisticos-inteligentes\/#breadcrumb"},"inLanguage":"es","potentialAction":[{"@type":"ReadAction","target":["https:\/\/www.unioviedo.es\/xixonsostenibilidad\/index.php\/2018\/11\/30\/conferencia-turismo-y-transformacion-digital-hacia-destinos-turisticos-inteligentes\/"]}]},{"@type":"ImageObject","inLanguage":"es","@id":"https:\/\/www.unioviedo.es\/xixonsostenibilidad\/index.php\/2018\/11\/30\/conferencia-turismo-y-transformacion-digital-hacia-destinos-turisticos-inteligentes\/#primaryimage","url":"https:\/\/www.unioviedo.es\/xixonsostenibilidad\/wp-content\/uploads\/2018\/11\/Cartel-2018-12-11_DTI.jpg","contentUrl":"https:\/\/www.unioviedo.es\/xixonsostenibilidad\/wp-content\/uploads\/2018\/11\/Cartel-2018-12-11_DTI.jpg","width":1654,"height":2339},{"@type":"BreadcrumbList","@id":"https:\/\/www.unioviedo.es\/xixonsostenibilidad\/index.php\/2018\/11\/30\/conferencia-turismo-y-transformacion-digital-hacia-destinos-turisticos-inteligentes\/#breadcrumb","itemListElement":[{"@type":"ListItem","position":1,"name":"Portada","item":"https:\/\/www.unioviedo.es\/xixonsostenibilidad\/"},{"@type":"ListItem","position":2,"name":"Conferencia: Turismo y transformaci\u00f3n digital: \u00bfhacia destinos tur\u00edsticos inteligentes?"}]},{"@type":"WebSite","@id":"https:\/\/www.unioviedo.es\/xixonsostenibilidad\/#website","url":"https:\/\/www.unioviedo.es\/xixonsostenibilidad\/","name":"C\u00e1tedra Milla del Conocimiento: Gij\u00f3n Sostenibilidad","description":"Las actividades de la C\u00e1tedra est\u00e1n patrocinadas por el Ayuntamiento de Gij\u00f3n\/Xix\u00f3n y pretende convertirse en un espacio interdisciplinario, reflexivo y abierto que contribuya a reorientar la actividad econ\u00f3mica y empresarial hacia el desarrollo sostenible de nuestro entorno en general, y del turismo en particular","publisher":{"@id":"https:\/\/www.unioviedo.es\/xixonsostenibilidad\/#organization"},"potentialAction":[{"@type":"SearchAction","target":{"@type":"EntryPoint","urlTemplate":"https:\/\/www.unioviedo.es\/xixonsostenibilidad\/?s={search_term_string}"},"query-input":{"@type":"PropertyValueSpecification","valueRequired":true,"valueName":"search_term_string"}}],"inLanguage":"es"},{"@type":"Organization","@id":"https:\/\/www.unioviedo.es\/xixonsostenibilidad\/#organization","name":"Universidad de Oviedo","url":"https:\/\/www.unioviedo.es\/xixonsostenibilidad\/","logo":{"@type":"ImageObject","inLanguage":"es","@id":"https:\/\/www.unioviedo.es\/xixonsostenibilidad\/#\/schema\/logo\/image\/","url":"https:\/\/www.unioviedo.es\/xixonsostenibilidad\/wp-content\/uploads\/2023\/09\/Lgo-uniovi-catedra.png","contentUrl":"https:\/\/www.unioviedo.es\/xixonsostenibilidad\/wp-content\/uploads\/2023\/09\/Lgo-uniovi-catedra.png","width":1669,"height":531,"caption":"Universidad de Oviedo"},"image":{"@id":"https:\/\/www.unioviedo.es\/xixonsostenibilidad\/#\/schema\/logo\/image\/"},"sameAs":["https:\/\/www.linkedin.com\/company\/65406893\/admin\/feed\/posts\/"]},{"@type":"Person","@id":"https:\/\/www.unioviedo.es\/xixonsostenibilidad\/#\/schema\/person\/00a8552266d1031c0a7fecbd5f96ca1e","name":"admin","image":{"@type":"ImageObject","inLanguage":"es","@id":"https:\/\/secure.gravatar.com\/avatar\/2c29db5f9b7a50233bfffa6f4312191702211b91cdd05c7492c45d19a66e2d45?s=96&d=mm&r=g","url":"https:\/\/secure.gravatar.com\/avatar\/2c29db5f9b7a50233bfffa6f4312191702211b91cdd05c7492c45d19a66e2d45?s=96&d=mm&r=g","contentUrl":"https:\/\/secure.gravatar.com\/avatar\/2c29db5f9b7a50233bfffa6f4312191702211b91cdd05c7492c45d19a66e2d45?s=96&d=mm&r=g","caption":"admin"}}]}},"_links":{"self":[{"href":"https:\/\/www.unioviedo.es\/xixonsostenibilidad\/index.php\/wp-json\/wp\/v2\/posts\/473","targetHints":{"allow":["GET"]}}],"collection":[{"href":"https:\/\/www.unioviedo.es\/xixonsostenibilidad\/index.php\/wp-json\/wp\/v2\/posts"}],"about":[{"href":"https:\/\/www.unioviedo.es\/xixonsostenibilidad\/index.php\/wp-json\/wp\/v2\/types\/post"}],"author":[{"embeddable":true,"href":"https:\/\/www.unioviedo.es\/xixonsostenibilidad\/index.php\/wp-json\/wp\/v2\/users\/1"}],"replies":[{"embeddable":true,"href":"https:\/\/www.unioviedo.es\/xixonsostenibilidad\/index.php\/wp-json\/wp\/v2\/comments?post=473"}],"version-history":[{"count":2,"href":"https:\/\/www.unioviedo.es\/xixonsostenibilidad\/index.php\/wp-json\/wp\/v2\/posts\/473\/revisions"}],"predecessor-version":[{"id":476,"href":"https:\/\/www.unioviedo.es\/xixonsostenibilidad\/index.php\/wp-json\/wp\/v2\/posts\/473\/revisions\/476"}],"wp:attachment":[{"href":"https:\/\/www.unioviedo.es\/xixonsostenibilidad\/index.php\/wp-json\/wp\/v2\/media?parent=473"}],"wp:term":[{"taxonomy":"category","embeddable":true,"href":"https:\/\/www.unioviedo.es\/xixonsostenibilidad\/index.php\/wp-json\/wp\/v2\/categories?post=473"},{"taxonomy":"post_tag","embeddable":true,"href":"https:\/\/www.unioviedo.es\/xixonsostenibilidad\/index.php\/wp-json\/wp\/v2\/tags?post=473"}],"curies":[{"name":"wp","href":"https:\/\/api.w.org\/{rel}","templated":true}]}}