{"id":503,"date":"2019-03-25T15:35:10","date_gmt":"2019-03-25T14:35:10","guid":{"rendered":"http:\/\/www.unioviedo.es\/xixonsostenibilidad\/?p=503"},"modified":"2019-10-11T16:19:03","modified_gmt":"2019-10-11T14:19:03","slug":"ii-economiacircularuochallenge","status":"publish","type":"post","link":"https:\/\/www.unioviedo.es\/xixonsostenibilidad\/index.php\/2019\/03\/25\/ii-economiacircularuochallenge\/","title":{"rendered":"II #Econom\u00edacircularUOchallenge"},"content":{"rendered":"\n<p class=\"wp-block-paragraph\">Se convoca la segunda\nedici\u00f3n del &nbsp;<em>#Econom\u00edacircularUOchallenge <\/em>dirigido a los\nestudiantes de la Universidad de Oviedo con el objetivo de sensibilizar y\nfusionar el el concepto de Econom\u00eda Circular con <em>Desing Thinking<\/em>, como\nmetodolog\u00edas para pensar oportunidades.<\/p>\n\n\n\n<p class=\"wp-block-paragraph\">&nbsp;<em>#Econom\u00edacircularUOchallenge<\/em>\nes un proyecto organizado por la C\u00e1tedra Milla del Conocimiento: Xix\u00f3n Sostenibilidad\nen colaboraci\u00f3n con el Vicerrectorado de Acci\u00f3n Transversal y Cooperaci\u00f3n con\nla Empresa de la Universidad de Oviedo<\/p>\n\n\n\n<p class=\"wp-block-paragraph\">El objetivo es sensibilizar\na los estudiantes de \u00faltimos cursos de grado, m\u00e1ster y doctorandos de la Universidad\nde Oviedo sobre el concepto de Econom\u00eda Circular respeto a las oportunidades\necon\u00f3micas, laborales y de emprendimiento. <\/p>\n\n\n\n<p class=\"wp-block-paragraph\">Los participantes se\nacercar\u00e1n a este concepto a trav\u00e9s de una conferencia y la participaci\u00f3n en un taller\npr\u00e1ctico de <em>Design Thinking<\/em> y de habilidades de comunicaci\u00f3n en varias\njornadas. <\/p>\n\n\n\n<p class=\"wp-block-paragraph\">Las actividades se\nrealizar\u00e1n los d\u00edas 5, 6 y 12 de abril. Se emitir\u00e1 un certificado de\nparticipaci\u00f3n con las horas de dedicaci\u00f3n y las competencias desarrolladas\ndurante la jornada.<\/p>\n\n\n\n<p class=\"wp-block-paragraph\">Dadas las caracter\u00edsticas\ndel evento, la asistencia estar\u00e1 restringida a m\u00e1ximo 25 estudiantes. La elecci\u00f3n\nde los asistentes se realizar\u00e1 por estricto orden de inscripci\u00f3n y cumplimiento\nde criterios. En el caso de que existiese alguna baja o renuncia en la lista\ninicial, la plaza\/s se cubrir\u00e1n de acuerdo a la lista de espera y por orden de inscripci\u00f3n.\n<\/p>\n\n\n\n<p class=\"wp-block-paragraph\"><em>#Econom\u00edacircularUOchallenge<\/em> es una actividad totalmente\ngratuita para los estudiantes.<\/p>\n\n\n\n<p class=\"wp-block-paragraph\">Inscripciones en <a href=\"https:\/\/goo.gl\/kYLweC\">https:\/\/goo.gl\/kYLweC<\/a> \u00a0<\/p>\n\n\n\n<figure class=\"wp-block-image is-resized\"><img loading=\"lazy\" decoding=\"async\" src=\"https:\/\/www.unioviedo.es\/xixonsostenibilidad\/wp-content\/uploads\/2019\/03\/II-Econom\u00edacircularUOchallenge_Objetivo_-Sostenibilidad_Pre-registro_.png\" alt=\"\" class=\"wp-image-504\" width=\"162\" height=\"162\" srcset=\"https:\/\/www.unioviedo.es\/xixonsostenibilidad\/wp-content\/uploads\/2019\/03\/II-Econom\u00edacircularUOchallenge_Objetivo_-Sostenibilidad_Pre-registro_.png 800w, https:\/\/www.unioviedo.es\/xixonsostenibilidad\/wp-content\/uploads\/2019\/03\/II-Econom\u00edacircularUOchallenge_Objetivo_-Sostenibilidad_Pre-registro_-150x150.png 150w, https:\/\/www.unioviedo.es\/xixonsostenibilidad\/wp-content\/uploads\/2019\/03\/II-Econom\u00edacircularUOchallenge_Objetivo_-Sostenibilidad_Pre-registro_-300x300.png 300w, https:\/\/www.unioviedo.es\/xixonsostenibilidad\/wp-content\/uploads\/2019\/03\/II-Econom\u00edacircularUOchallenge_Objetivo_-Sostenibilidad_Pre-registro_-768x768.png 768w, https:\/\/www.unioviedo.es\/xixonsostenibilidad\/wp-content\/uploads\/2019\/03\/II-Econom\u00edacircularUOchallenge_Objetivo_-Sostenibilidad_Pre-registro_-100x100.png 100w\" sizes=\"auto, (max-width: 162px) 100vw, 162px\" \/><\/figure>\n\n\n\n<div class=\"wp-block-file\"><a href=\"https:\/\/www.unioviedo.es\/xixonsostenibilidad\/wp-content\/uploads\/2019\/04\/IIEconomiaCircularUOChallenge_def.pdf\"> <br>Doc Resumen de la Actividad<br>IIEconomiaCircularUOChallenge <\/a><a href=\"https:\/\/www.unioviedo.es\/xixonsostenibilidad\/wp-content\/uploads\/2019\/04\/IIEconomiaCircularUOChallenge_def.pdf\" class=\"wp-block-file__button\" download>Descarga<\/a><\/div>\n\n\n\n<p class=\"wp-block-paragraph\"><\/p>\n","protected":false},"excerpt":{"rendered":"<p>Se convoca la segunda edici\u00f3n del &nbsp;#Econom\u00edacircularUOchallenge dirigido a los estudiantes de la Universidad de Oviedo con el objetivo de sensibilizar y fusionar el el concepto de Econom\u00eda Circular con Desing Thinking, como metodolog\u00edas para pensar oportunidades. &nbsp;#Econom\u00edacircularUOchallenge es un proyecto organizado por la C\u00e1tedra Milla del Conocimiento: Xix\u00f3n Sostenibilidad en colaboraci\u00f3n con el Vicerrectorado [&hellip;]<\/p>\n","protected":false},"author":1,"featured_media":506,"comment_status":"closed","ping_status":"closed","sticky":false,"template":"","format":"standard","meta":{"_crdt_document":"","_exactmetrics_skip_tracking":false,"_exactmetrics_sitenote_active":false,"_exactmetrics_sitenote_note":"","_exactmetrics_sitenote_category":0,"footnotes":""},"categories":[16,30],"tags":[37,36,38,39],"class_list":["post-503","post","type-post","status-publish","format-standard","has-post-thumbnail","hentry","category-acto-academico","category-sesion-de-dia-completo","tag-desing-thinking","tag-economia-circular","tag-uniovi","tag-uochallenge"],"yoast_head":"<!-- This site is optimized with the Yoast SEO plugin v27.5 - https:\/\/yoast.com\/product\/yoast-seo-wordpress\/ -->\n<title>II #Econom\u00edacircularUOchallenge - C\u00e1tedra Milla del Conocimiento: Gij\u00f3n Sostenibilidad<\/title>\n<meta name=\"robots\" content=\"index, follow, max-snippet:-1, max-image-preview:large, max-video-preview:-1\" \/>\n<link rel=\"canonical\" href=\"https:\/\/www.unioviedo.es\/xixonsostenibilidad\/index.php\/2019\/03\/25\/ii-economiacircularuochallenge\/\" \/>\n<meta property=\"og:locale\" content=\"es_ES\" \/>\n<meta property=\"og:type\" content=\"article\" \/>\n<meta property=\"og:title\" content=\"II #Econom\u00edacircularUOchallenge - C\u00e1tedra Milla del Conocimiento: Gij\u00f3n Sostenibilidad\" \/>\n<meta property=\"og:description\" content=\"Se convoca la segunda edici\u00f3n del &nbsp;#Econom\u00edacircularUOchallenge dirigido a los estudiantes de la Universidad de Oviedo con el objetivo de sensibilizar y fusionar el el concepto de Econom\u00eda Circular con Desing Thinking, como metodolog\u00edas para pensar oportunidades. &nbsp;#Econom\u00edacircularUOchallenge es un proyecto organizado por la C\u00e1tedra Milla del Conocimiento: Xix\u00f3n Sostenibilidad en colaboraci\u00f3n con el Vicerrectorado [&hellip;]\" \/>\n<meta property=\"og:url\" content=\"https:\/\/www.unioviedo.es\/xixonsostenibilidad\/index.php\/2019\/03\/25\/ii-economiacircularuochallenge\/\" \/>\n<meta property=\"og:site_name\" content=\"C\u00e1tedra Milla del Conocimiento: Gij\u00f3n Sostenibilidad\" \/>\n<meta property=\"article:published_time\" content=\"2019-03-25T14:35:10+00:00\" \/>\n<meta property=\"article:modified_time\" content=\"2019-10-11T14:19:03+00:00\" \/>\n<meta property=\"og:image\" content=\"https:\/\/www.unioviedo.es\/xixonsostenibilidad\/wp-content\/uploads\/2019\/03\/IIEconomiaCircularUOChallenge_Portada.jpg\" \/>\n\t<meta property=\"og:image:width\" content=\"2573\" \/>\n\t<meta property=\"og:image:height\" content=\"1819\" \/>\n\t<meta property=\"og:image:type\" content=\"image\/jpeg\" \/>\n<meta name=\"author\" content=\"admin\" \/>\n<meta name=\"twitter:card\" content=\"summary_large_image\" \/>\n<meta name=\"twitter:label1\" content=\"Escrito por\" \/>\n\t<meta name=\"twitter:data1\" content=\"admin\" \/>\n\t<meta name=\"twitter:label2\" content=\"Tiempo de lectura\" \/>\n\t<meta name=\"twitter:data2\" content=\"1 minuto\" \/>\n<script type=\"application\/ld+json\" class=\"yoast-schema-graph\">{\"@context\":\"https:\\\/\\\/schema.org\",\"@graph\":[{\"@type\":\"Article\",\"@id\":\"https:\\\/\\\/www.unioviedo.es\\\/xixonsostenibilidad\\\/index.php\\\/2019\\\/03\\\/25\\\/ii-economiacircularuochallenge\\\/#article\",\"isPartOf\":{\"@id\":\"https:\\\/\\\/www.unioviedo.es\\\/xixonsostenibilidad\\\/index.php\\\/2019\\\/03\\\/25\\\/ii-economiacircularuochallenge\\\/\"},\"author\":{\"name\":\"admin\",\"@id\":\"https:\\\/\\\/www.unioviedo.es\\\/xixonsostenibilidad\\\/#\\\/schema\\\/person\\\/00a8552266d1031c0a7fecbd5f96ca1e\"},\"headline\":\"II #Econom\u00edacircularUOchallenge\",\"datePublished\":\"2019-03-25T14:35:10+00:00\",\"dateModified\":\"2019-10-11T14:19:03+00:00\",\"mainEntityOfPage\":{\"@id\":\"https:\\\/\\\/www.unioviedo.es\\\/xixonsostenibilidad\\\/index.php\\\/2019\\\/03\\\/25\\\/ii-economiacircularuochallenge\\\/\"},\"wordCount\":274,\"publisher\":{\"@id\":\"https:\\\/\\\/www.unioviedo.es\\\/xixonsostenibilidad\\\/#organization\"},\"image\":{\"@id\":\"https:\\\/\\\/www.unioviedo.es\\\/xixonsostenibilidad\\\/index.php\\\/2019\\\/03\\\/25\\\/ii-economiacircularuochallenge\\\/#primaryimage\"},\"thumbnailUrl\":\"https:\\\/\\\/www.unioviedo.es\\\/xixonsostenibilidad\\\/wp-content\\\/uploads\\\/2019\\\/03\\\/IIEconomiaCircularUOChallenge_Portada.jpg\",\"keywords\":[\"Desing Thinking\",\"Econom\u00eda circular\",\"Uniovi\",\"UOChallenge\"],\"articleSection\":[\"Acto Acad\u00e9mico\",\"Sesi\u00f3n de d\u00eda completo\"],\"inLanguage\":\"es\"},{\"@type\":\"WebPage\",\"@id\":\"https:\\\/\\\/www.unioviedo.es\\\/xixonsostenibilidad\\\/index.php\\\/2019\\\/03\\\/25\\\/ii-economiacircularuochallenge\\\/\",\"url\":\"https:\\\/\\\/www.unioviedo.es\\\/xixonsostenibilidad\\\/index.php\\\/2019\\\/03\\\/25\\\/ii-economiacircularuochallenge\\\/\",\"name\":\"II #Econom\u00edacircularUOchallenge - C\u00e1tedra Milla del Conocimiento: Gij\u00f3n Sostenibilidad\",\"isPartOf\":{\"@id\":\"https:\\\/\\\/www.unioviedo.es\\\/xixonsostenibilidad\\\/#website\"},\"primaryImageOfPage\":{\"@id\":\"https:\\\/\\\/www.unioviedo.es\\\/xixonsostenibilidad\\\/index.php\\\/2019\\\/03\\\/25\\\/ii-economiacircularuochallenge\\\/#primaryimage\"},\"image\":{\"@id\":\"https:\\\/\\\/www.unioviedo.es\\\/xixonsostenibilidad\\\/index.php\\\/2019\\\/03\\\/25\\\/ii-economiacircularuochallenge\\\/#primaryimage\"},\"thumbnailUrl\":\"https:\\\/\\\/www.unioviedo.es\\\/xixonsostenibilidad\\\/wp-content\\\/uploads\\\/2019\\\/03\\\/IIEconomiaCircularUOChallenge_Portada.jpg\",\"datePublished\":\"2019-03-25T14:35:10+00:00\",\"dateModified\":\"2019-10-11T14:19:03+00:00\",\"breadcrumb\":{\"@id\":\"https:\\\/\\\/www.unioviedo.es\\\/xixonsostenibilidad\\\/index.php\\\/2019\\\/03\\\/25\\\/ii-economiacircularuochallenge\\\/#breadcrumb\"},\"inLanguage\":\"es\",\"potentialAction\":[{\"@type\":\"ReadAction\",\"target\":[\"https:\\\/\\\/www.unioviedo.es\\\/xixonsostenibilidad\\\/index.php\\\/2019\\\/03\\\/25\\\/ii-economiacircularuochallenge\\\/\"]}]},{\"@type\":\"ImageObject\",\"inLanguage\":\"es\",\"@id\":\"https:\\\/\\\/www.unioviedo.es\\\/xixonsostenibilidad\\\/index.php\\\/2019\\\/03\\\/25\\\/ii-economiacircularuochallenge\\\/#primaryimage\",\"url\":\"https:\\\/\\\/www.unioviedo.es\\\/xixonsostenibilidad\\\/wp-content\\\/uploads\\\/2019\\\/03\\\/IIEconomiaCircularUOChallenge_Portada.jpg\",\"contentUrl\":\"https:\\\/\\\/www.unioviedo.es\\\/xixonsostenibilidad\\\/wp-content\\\/uploads\\\/2019\\\/03\\\/IIEconomiaCircularUOChallenge_Portada.jpg\",\"width\":2573,\"height\":1819},{\"@type\":\"BreadcrumbList\",\"@id\":\"https:\\\/\\\/www.unioviedo.es\\\/xixonsostenibilidad\\\/index.php\\\/2019\\\/03\\\/25\\\/ii-economiacircularuochallenge\\\/#breadcrumb\",\"itemListElement\":[{\"@type\":\"ListItem\",\"position\":1,\"name\":\"Portada\",\"item\":\"https:\\\/\\\/www.unioviedo.es\\\/xixonsostenibilidad\\\/\"},{\"@type\":\"ListItem\",\"position\":2,\"name\":\"II #Econom\u00edacircularUOchallenge\"}]},{\"@type\":\"WebSite\",\"@id\":\"https:\\\/\\\/www.unioviedo.es\\\/xixonsostenibilidad\\\/#website\",\"url\":\"https:\\\/\\\/www.unioviedo.es\\\/xixonsostenibilidad\\\/\",\"name\":\"C\u00e1tedra Milla del Conocimiento: Gij\u00f3n Sostenibilidad\",\"description\":\"Las actividades de la C\u00e1tedra est\u00e1n patrocinadas por el Ayuntamiento de Gij\u00f3n\\\/Xix\u00f3n y pretende convertirse en un espacio interdisciplinario, reflexivo y abierto que contribuya a reorientar la actividad econ\u00f3mica y empresarial hacia el desarrollo sostenible de nuestro entorno en general, y del turismo en particular\",\"publisher\":{\"@id\":\"https:\\\/\\\/www.unioviedo.es\\\/xixonsostenibilidad\\\/#organization\"},\"potentialAction\":[{\"@type\":\"SearchAction\",\"target\":{\"@type\":\"EntryPoint\",\"urlTemplate\":\"https:\\\/\\\/www.unioviedo.es\\\/xixonsostenibilidad\\\/?s={search_term_string}\"},\"query-input\":{\"@type\":\"PropertyValueSpecification\",\"valueRequired\":true,\"valueName\":\"search_term_string\"}}],\"inLanguage\":\"es\"},{\"@type\":\"Organization\",\"@id\":\"https:\\\/\\\/www.unioviedo.es\\\/xixonsostenibilidad\\\/#organization\",\"name\":\"Universidad de Oviedo\",\"url\":\"https:\\\/\\\/www.unioviedo.es\\\/xixonsostenibilidad\\\/\",\"logo\":{\"@type\":\"ImageObject\",\"inLanguage\":\"es\",\"@id\":\"https:\\\/\\\/www.unioviedo.es\\\/xixonsostenibilidad\\\/#\\\/schema\\\/logo\\\/image\\\/\",\"url\":\"https:\\\/\\\/www.unioviedo.es\\\/xixonsostenibilidad\\\/wp-content\\\/uploads\\\/2023\\\/09\\\/Lgo-uniovi-catedra.png\",\"contentUrl\":\"https:\\\/\\\/www.unioviedo.es\\\/xixonsostenibilidad\\\/wp-content\\\/uploads\\\/2023\\\/09\\\/Lgo-uniovi-catedra.png\",\"width\":1669,\"height\":531,\"caption\":\"Universidad de Oviedo\"},\"image\":{\"@id\":\"https:\\\/\\\/www.unioviedo.es\\\/xixonsostenibilidad\\\/#\\\/schema\\\/logo\\\/image\\\/\"},\"sameAs\":[\"https:\\\/\\\/www.linkedin.com\\\/company\\\/65406893\\\/admin\\\/feed\\\/posts\\\/\"]},{\"@type\":\"Person\",\"@id\":\"https:\\\/\\\/www.unioviedo.es\\\/xixonsostenibilidad\\\/#\\\/schema\\\/person\\\/00a8552266d1031c0a7fecbd5f96ca1e\",\"name\":\"admin\",\"image\":{\"@type\":\"ImageObject\",\"inLanguage\":\"es\",\"@id\":\"https:\\\/\\\/secure.gravatar.com\\\/avatar\\\/2c29db5f9b7a50233bfffa6f4312191702211b91cdd05c7492c45d19a66e2d45?s=96&d=mm&r=g\",\"url\":\"https:\\\/\\\/secure.gravatar.com\\\/avatar\\\/2c29db5f9b7a50233bfffa6f4312191702211b91cdd05c7492c45d19a66e2d45?s=96&d=mm&r=g\",\"contentUrl\":\"https:\\\/\\\/secure.gravatar.com\\\/avatar\\\/2c29db5f9b7a50233bfffa6f4312191702211b91cdd05c7492c45d19a66e2d45?s=96&d=mm&r=g\",\"caption\":\"admin\"}}]}<\/script>\n<!-- \/ Yoast SEO plugin. -->","yoast_head_json":{"title":"II #Econom\u00edacircularUOchallenge - C\u00e1tedra Milla del Conocimiento: Gij\u00f3n Sostenibilidad","robots":{"index":"index","follow":"follow","max-snippet":"max-snippet:-1","max-image-preview":"max-image-preview:large","max-video-preview":"max-video-preview:-1"},"canonical":"https:\/\/www.unioviedo.es\/xixonsostenibilidad\/index.php\/2019\/03\/25\/ii-economiacircularuochallenge\/","og_locale":"es_ES","og_type":"article","og_title":"II #Econom\u00edacircularUOchallenge - C\u00e1tedra Milla del Conocimiento: Gij\u00f3n Sostenibilidad","og_description":"Se convoca la segunda edici\u00f3n del &nbsp;#Econom\u00edacircularUOchallenge dirigido a los estudiantes de la Universidad de Oviedo con el objetivo de sensibilizar y fusionar el el concepto de Econom\u00eda Circular con Desing Thinking, como metodolog\u00edas para pensar oportunidades. &nbsp;#Econom\u00edacircularUOchallenge es un proyecto organizado por la C\u00e1tedra Milla del Conocimiento: Xix\u00f3n Sostenibilidad en colaboraci\u00f3n con el Vicerrectorado [&hellip;]","og_url":"https:\/\/www.unioviedo.es\/xixonsostenibilidad\/index.php\/2019\/03\/25\/ii-economiacircularuochallenge\/","og_site_name":"C\u00e1tedra Milla del Conocimiento: Gij\u00f3n Sostenibilidad","article_published_time":"2019-03-25T14:35:10+00:00","article_modified_time":"2019-10-11T14:19:03+00:00","og_image":[{"width":2573,"height":1819,"url":"https:\/\/www.unioviedo.es\/xixonsostenibilidad\/wp-content\/uploads\/2019\/03\/IIEconomiaCircularUOChallenge_Portada.jpg","type":"image\/jpeg"}],"author":"admin","twitter_card":"summary_large_image","twitter_misc":{"Escrito por":"admin","Tiempo de lectura":"1 minuto"},"schema":{"@context":"https:\/\/schema.org","@graph":[{"@type":"Article","@id":"https:\/\/www.unioviedo.es\/xixonsostenibilidad\/index.php\/2019\/03\/25\/ii-economiacircularuochallenge\/#article","isPartOf":{"@id":"https:\/\/www.unioviedo.es\/xixonsostenibilidad\/index.php\/2019\/03\/25\/ii-economiacircularuochallenge\/"},"author":{"name":"admin","@id":"https:\/\/www.unioviedo.es\/xixonsostenibilidad\/#\/schema\/person\/00a8552266d1031c0a7fecbd5f96ca1e"},"headline":"II #Econom\u00edacircularUOchallenge","datePublished":"2019-03-25T14:35:10+00:00","dateModified":"2019-10-11T14:19:03+00:00","mainEntityOfPage":{"@id":"https:\/\/www.unioviedo.es\/xixonsostenibilidad\/index.php\/2019\/03\/25\/ii-economiacircularuochallenge\/"},"wordCount":274,"publisher":{"@id":"https:\/\/www.unioviedo.es\/xixonsostenibilidad\/#organization"},"image":{"@id":"https:\/\/www.unioviedo.es\/xixonsostenibilidad\/index.php\/2019\/03\/25\/ii-economiacircularuochallenge\/#primaryimage"},"thumbnailUrl":"https:\/\/www.unioviedo.es\/xixonsostenibilidad\/wp-content\/uploads\/2019\/03\/IIEconomiaCircularUOChallenge_Portada.jpg","keywords":["Desing Thinking","Econom\u00eda circular","Uniovi","UOChallenge"],"articleSection":["Acto Acad\u00e9mico","Sesi\u00f3n de d\u00eda completo"],"inLanguage":"es"},{"@type":"WebPage","@id":"https:\/\/www.unioviedo.es\/xixonsostenibilidad\/index.php\/2019\/03\/25\/ii-economiacircularuochallenge\/","url":"https:\/\/www.unioviedo.es\/xixonsostenibilidad\/index.php\/2019\/03\/25\/ii-economiacircularuochallenge\/","name":"II #Econom\u00edacircularUOchallenge - C\u00e1tedra Milla del Conocimiento: Gij\u00f3n Sostenibilidad","isPartOf":{"@id":"https:\/\/www.unioviedo.es\/xixonsostenibilidad\/#website"},"primaryImageOfPage":{"@id":"https:\/\/www.unioviedo.es\/xixonsostenibilidad\/index.php\/2019\/03\/25\/ii-economiacircularuochallenge\/#primaryimage"},"image":{"@id":"https:\/\/www.unioviedo.es\/xixonsostenibilidad\/index.php\/2019\/03\/25\/ii-economiacircularuochallenge\/#primaryimage"},"thumbnailUrl":"https:\/\/www.unioviedo.es\/xixonsostenibilidad\/wp-content\/uploads\/2019\/03\/IIEconomiaCircularUOChallenge_Portada.jpg","datePublished":"2019-03-25T14:35:10+00:00","dateModified":"2019-10-11T14:19:03+00:00","breadcrumb":{"@id":"https:\/\/www.unioviedo.es\/xixonsostenibilidad\/index.php\/2019\/03\/25\/ii-economiacircularuochallenge\/#breadcrumb"},"inLanguage":"es","potentialAction":[{"@type":"ReadAction","target":["https:\/\/www.unioviedo.es\/xixonsostenibilidad\/index.php\/2019\/03\/25\/ii-economiacircularuochallenge\/"]}]},{"@type":"ImageObject","inLanguage":"es","@id":"https:\/\/www.unioviedo.es\/xixonsostenibilidad\/index.php\/2019\/03\/25\/ii-economiacircularuochallenge\/#primaryimage","url":"https:\/\/www.unioviedo.es\/xixonsostenibilidad\/wp-content\/uploads\/2019\/03\/IIEconomiaCircularUOChallenge_Portada.jpg","contentUrl":"https:\/\/www.unioviedo.es\/xixonsostenibilidad\/wp-content\/uploads\/2019\/03\/IIEconomiaCircularUOChallenge_Portada.jpg","width":2573,"height":1819},{"@type":"BreadcrumbList","@id":"https:\/\/www.unioviedo.es\/xixonsostenibilidad\/index.php\/2019\/03\/25\/ii-economiacircularuochallenge\/#breadcrumb","itemListElement":[{"@type":"ListItem","position":1,"name":"Portada","item":"https:\/\/www.unioviedo.es\/xixonsostenibilidad\/"},{"@type":"ListItem","position":2,"name":"II #Econom\u00edacircularUOchallenge"}]},{"@type":"WebSite","@id":"https:\/\/www.unioviedo.es\/xixonsostenibilidad\/#website","url":"https:\/\/www.unioviedo.es\/xixonsostenibilidad\/","name":"C\u00e1tedra Milla del Conocimiento: Gij\u00f3n Sostenibilidad","description":"Las actividades de la C\u00e1tedra est\u00e1n patrocinadas por el Ayuntamiento de Gij\u00f3n\/Xix\u00f3n y pretende convertirse en un espacio interdisciplinario, reflexivo y abierto que contribuya a reorientar la actividad econ\u00f3mica y empresarial hacia el desarrollo sostenible de nuestro entorno en general, y del turismo en particular","publisher":{"@id":"https:\/\/www.unioviedo.es\/xixonsostenibilidad\/#organization"},"potentialAction":[{"@type":"SearchAction","target":{"@type":"EntryPoint","urlTemplate":"https:\/\/www.unioviedo.es\/xixonsostenibilidad\/?s={search_term_string}"},"query-input":{"@type":"PropertyValueSpecification","valueRequired":true,"valueName":"search_term_string"}}],"inLanguage":"es"},{"@type":"Organization","@id":"https:\/\/www.unioviedo.es\/xixonsostenibilidad\/#organization","name":"Universidad de Oviedo","url":"https:\/\/www.unioviedo.es\/xixonsostenibilidad\/","logo":{"@type":"ImageObject","inLanguage":"es","@id":"https:\/\/www.unioviedo.es\/xixonsostenibilidad\/#\/schema\/logo\/image\/","url":"https:\/\/www.unioviedo.es\/xixonsostenibilidad\/wp-content\/uploads\/2023\/09\/Lgo-uniovi-catedra.png","contentUrl":"https:\/\/www.unioviedo.es\/xixonsostenibilidad\/wp-content\/uploads\/2023\/09\/Lgo-uniovi-catedra.png","width":1669,"height":531,"caption":"Universidad de Oviedo"},"image":{"@id":"https:\/\/www.unioviedo.es\/xixonsostenibilidad\/#\/schema\/logo\/image\/"},"sameAs":["https:\/\/www.linkedin.com\/company\/65406893\/admin\/feed\/posts\/"]},{"@type":"Person","@id":"https:\/\/www.unioviedo.es\/xixonsostenibilidad\/#\/schema\/person\/00a8552266d1031c0a7fecbd5f96ca1e","name":"admin","image":{"@type":"ImageObject","inLanguage":"es","@id":"https:\/\/secure.gravatar.com\/avatar\/2c29db5f9b7a50233bfffa6f4312191702211b91cdd05c7492c45d19a66e2d45?s=96&d=mm&r=g","url":"https:\/\/secure.gravatar.com\/avatar\/2c29db5f9b7a50233bfffa6f4312191702211b91cdd05c7492c45d19a66e2d45?s=96&d=mm&r=g","contentUrl":"https:\/\/secure.gravatar.com\/avatar\/2c29db5f9b7a50233bfffa6f4312191702211b91cdd05c7492c45d19a66e2d45?s=96&d=mm&r=g","caption":"admin"}}]}},"_links":{"self":[{"href":"https:\/\/www.unioviedo.es\/xixonsostenibilidad\/index.php\/wp-json\/wp\/v2\/posts\/503","targetHints":{"allow":["GET"]}}],"collection":[{"href":"https:\/\/www.unioviedo.es\/xixonsostenibilidad\/index.php\/wp-json\/wp\/v2\/posts"}],"about":[{"href":"https:\/\/www.unioviedo.es\/xixonsostenibilidad\/index.php\/wp-json\/wp\/v2\/types\/post"}],"author":[{"embeddable":true,"href":"https:\/\/www.unioviedo.es\/xixonsostenibilidad\/index.php\/wp-json\/wp\/v2\/users\/1"}],"replies":[{"embeddable":true,"href":"https:\/\/www.unioviedo.es\/xixonsostenibilidad\/index.php\/wp-json\/wp\/v2\/comments?post=503"}],"version-history":[{"count":3,"href":"https:\/\/www.unioviedo.es\/xixonsostenibilidad\/index.php\/wp-json\/wp\/v2\/posts\/503\/revisions"}],"predecessor-version":[{"id":545,"href":"https:\/\/www.unioviedo.es\/xixonsostenibilidad\/index.php\/wp-json\/wp\/v2\/posts\/503\/revisions\/545"}],"wp:featuredmedia":[{"embeddable":true,"href":"https:\/\/www.unioviedo.es\/xixonsostenibilidad\/index.php\/wp-json\/wp\/v2\/media\/506"}],"wp:attachment":[{"href":"https:\/\/www.unioviedo.es\/xixonsostenibilidad\/index.php\/wp-json\/wp\/v2\/media?parent=503"}],"wp:term":[{"taxonomy":"category","embeddable":true,"href":"https:\/\/www.unioviedo.es\/xixonsostenibilidad\/index.php\/wp-json\/wp\/v2\/categories?post=503"},{"taxonomy":"post_tag","embeddable":true,"href":"https:\/\/www.unioviedo.es\/xixonsostenibilidad\/index.php\/wp-json\/wp\/v2\/tags?post=503"}],"curies":[{"name":"wp","href":"https:\/\/api.w.org\/{rel}","templated":true}]}}